{"id":206963,"date":"2022-10-01T19:00:36","date_gmt":"2022-10-01T19:00:36","guid":{"rendered":"https:\/\/ami.mr\/fr\/?p=206963"},"modified":"2022-10-02T20:47:36","modified_gmt":"2022-10-02T20:47:36","slug":"le-ministre-de-lagriculture-visite-le-perimetre-de-la-plaine-de-boghe-et-son-extension","status":"publish","type":"post","link":"https:\/\/ami.mr\/fr\/archives\/206963","title":{"rendered":"Le ministre de l&#8217;Agriculture visite le p\u00e9rim\u00e8tre de la plaine de Bogh\u00e9 et son extension"},"content":{"rendered":"<p>Le ministre de l&#8217;Agriculture, M. Yahya Ould Ahmed El Waghf a visit\u00e9, samedi, la direction r\u00e9gionale de la SONADER \u00e0 Bogh\u00e9 et le projet de transformation agricole, financ\u00e9 gr\u00e2ce \u00e0 la coop\u00e9ration entre notre pays, la Banque Africaine de D\u00e9veloppement et la Banque Islamique de D\u00e9veloppement .<\/p>\n<p>Il a aussi visit\u00e9 le p\u00e9rim\u00e8tre pilote de la plaine de Bogh\u00e9 qui couvre une superficie de 800 hectares environ exploit\u00e9s par 1680 familles agricoles issues de la ville de Bogh\u00e9 et des villages environnants, organis\u00e9es en coop\u00e9ratives agricoles, et qui dispose d&#8217;une station de pompage. Sur place, il a \u00e9cout\u00e9 des explications techniques pr\u00e9sent\u00e9es par les responsables de la SONADER et les chefs des f\u00e9d\u00e9rations supervisant la gestion du p\u00e9rim\u00e8tre sur le r\u00f4le jou\u00e9 par la station de pompage dans l&#8217;approvisionnement du p\u00e9rim\u00e8tre en eau d&#8217;irrigation.<\/p>\n<p>La visite a aussi comport\u00e9 l&#8217;extension du p\u00e9rim\u00e8tre de Bogh\u00e9 dont les travaux d&#8217;am\u00e9nagement ont d\u00e9but\u00e9 en 2014 par le groupement compos\u00e9 de la SNATT et d&#8217;une Soci\u00e9t\u00e9 marocaine.<\/p>\n<p>Elle couvre aussi 2200 hectares dont 500 hectares seulement sont am\u00e9nag\u00e9s, \u00e0 cause de probl\u00e8mes techniques au niveau de la station de pompage et des canaux d&#8217;irrigation, et ce malgr\u00e9 le fait que les travaux sont termin\u00e9s depuis 2017.<\/p>\n<p>Actuellement, 700 hectares sont en train d&#8217;\u00eatre r\u00e9habilit\u00e9s sous la supervision du minist\u00e8re de l&#8217;Agriculture en vue de leur exploitation au cours de la prochaine campagne d&#8217;\u00e9t\u00e9.<\/p>\n<p>Le ministre a \u00e9cout\u00e9 des explications techniques pr\u00e9sent\u00e9es par le pr\u00e9sident du groupement d&#8217;int\u00e9r\u00eat public du p\u00e9rim\u00e8tre, M. N&#8217;Gaid\u00e9 Ahmed sur les contraintes et les probl\u00e8mes pos\u00e9s ainsi que sur les solutions propos\u00e9es pour l&#8217;exploitation du reste de la superficie du p\u00e9rim\u00e8tre.<\/p>\n<p>Le ministre a aussi visit\u00e9 les travaux de maintenance en cours de la route de Sarandougou-M&#8217;Boubou, longue de 62 kilom\u00e8tres qui traverse 4 communes : Bogh\u00e9, Dar El Avia, Dar El Barka et Ould Birem.<\/p>\n<p>Cet axe, r\u00e9alis\u00e9 par le projet &#8220;Transformation agricole en Mauritanie&#8221; joue un r\u00f4le important dans l&#8217;alimentation de l&#8217;affluent d&#8217;El Avniya qui alimente 6 grands bassins comme les champs de d\u00e9crue \u00e0 l&#8217;ouest du Brakna.<\/p>\n<p>Il a en outre visit\u00e9 le Centre de Bogh\u00e9 pour la formation des producteurs agricoles o\u00f9 il a suivi un expos\u00e9 pr\u00e9sent\u00e9 par le directeur du centre, M. Taher Mohamed Ahmed sur les missions confi\u00e9es \u00e0 cette infrastructure dans le domaine de la formation.<\/p>\n<p>Au cours de sa visite au p\u00e9rim\u00e8tre pilote de la plaine de Bogh\u00e9, le ministre a tenu a rencontrer les agriculteurs dans leurs p\u00e9rim\u00e8tres et \u00e0 s&#8217;entretenir avec eux sur les questions relatives au secteur et ce qu&#8217;ils attendent de lui pour impulser le d\u00e9veloppement agricole. Il s&#8217;est aussi inform\u00e9, pour la circonstance, des probl\u00e8mes qui limitent la qualit\u00e9 de la production.<\/p>\n<p>Pour leur part, les agriculteurs ont lou\u00e9 cette visite qui est venue , ont-ils dit, au moment opportun, avant de passer en revue les principaux probl\u00e8me qui se posent \u00e0 eux et qui se r\u00e9sument essentiellement dans l&#8217;absence de la protection des p\u00e9rim\u00e8tres contre les animaux en divagation, les oiseaux granivores et le retard enregistr\u00e9 dans l&#8217;arriv\u00e9e des engrais ainsi que l&#8217;insuffisance de ces derniers .<\/p>\n<p>Au cours de cette visite, le ministre \u00e9tait accompagn\u00e9 des autorit\u00e9s administratives et s\u00e9curitaires de la wilaya du Brakna.<\/p>\n","protected":false},"excerpt":{"rendered":"<p>Le ministre de l&#8217;Agriculture, M. Yahya Ould Ahmed El Waghf a visit\u00e9, samedi, la direction r\u00e9gionale de la SONADER \u00e0 Bogh\u00e9 et le projet de transformation agricole, financ\u00e9 gr\u00e2ce \u00e0 la coop\u00e9ration entre notre pays, la Banque Africaine de D\u00e9veloppement et la Banque Islamique de D\u00e9veloppement . Il a aussi visit\u00e9 le p\u00e9rim\u00e8tre pilote de [&hellip;]<\/p>\n","protected":false},"author":13,"featured_media":206964,"comment_status":"open","ping_status":"open","sticky":false,"template":"","format":"standard","meta":{"footnotes":""},"categories":[63920,63919,63957,63923,8672],"tags":[63990],"class_list":["post-206963","post","type-post","status-publish","format-standard","has-post-thumbnail","hentry","category-a-la-une","category-choix-du-redacteur","category-fil-dactualite","category-slider-wilayas","category-8672","tag-activites-gouvernementales"],"_links":{"self":[{"href":"https:\/\/ami.mr\/fr\/wp-json\/wp\/v2\/posts\/206963","targetHints":{"allow":["GET"]}}],"collection":[{"href":"https:\/\/ami.mr\/fr\/wp-json\/wp\/v2\/posts"}],"about":[{"href":"https:\/\/ami.mr\/fr\/wp-json\/wp\/v2\/types\/post"}],"author":[{"embeddable":true,"href":"https:\/\/ami.mr\/fr\/wp-json\/wp\/v2\/users\/13"}],"replies":[{"embeddable":true,"href":"https:\/\/ami.mr\/fr\/wp-json\/wp\/v2\/comments?post=206963"}],"version-history":[{"count":1,"href":"https:\/\/ami.mr\/fr\/wp-json\/wp\/v2\/posts\/206963\/revisions"}],"predecessor-version":[{"id":206965,"href":"https:\/\/ami.mr\/fr\/wp-json\/wp\/v2\/posts\/206963\/revisions\/206965"}],"wp:featuredmedia":[{"embeddable":true,"href":"https:\/\/ami.mr\/fr\/wp-json\/wp\/v2\/media\/206964"}],"wp:attachment":[{"href":"https:\/\/ami.mr\/fr\/wp-json\/wp\/v2\/media?parent=206963"}],"wp:term":[{"taxonomy":"category","embeddable":true,"href":"https:\/\/ami.mr\/fr\/wp-json\/wp\/v2\/categories?post=206963"},{"taxonomy":"post_tag","embeddable":true,"href":"https:\/\/ami.mr\/fr\/wp-json\/wp\/v2\/tags?post=206963"}],"curies":[{"name":"wp","href":"https:\/\/api.w.org\/{rel}","templated":true}]}}