{"id":206946,"date":"2022-10-01T12:17:04","date_gmt":"2022-10-01T12:17:04","guid":{"rendered":"https:\/\/ami.mr\/fr\/?p=206946"},"modified":"2022-10-01T14:44:23","modified_gmt":"2022-10-01T14:44:23","slug":"la-ministre-de-lenvironnement-et-du-developpement-durable-visite-la-reserve-dawleiguatt","status":"publish","type":"post","link":"https:\/\/ami.mr\/fr\/archives\/206946","title":{"rendered":"La ministre de l&#8217;Environnement et du D\u00e9veloppement durable visite la r\u00e9serve d\u2019Awleiguatt"},"content":{"rendered":"<p>Dans le cadre de la prise de contacts avec les institutions et services affili\u00e9s son d\u00e9partement, la ministre de l&#8217;Environnement et du D\u00e9veloppement durable, Mme Laylia Kamara, a effectu\u00e9 une visite d&#8217;information \u00e0 la r\u00e9serve d&#8217;Awleiguatt situ\u00e9e dans la moughataa de Ouad Naga.<\/p>\n<p>La ministre s\u2019est inform\u00e9e sur les diff\u00e9rentes composantes de cette r\u00e9serve cr\u00e9\u00e9e en 2016, comprenant, entre autres, un zoo o\u00f9 vivent 22 esp\u00e8ces d\u2019animaux, un parc d\u2019oiseaux et une p\u00e9pini\u00e8re d&#8217;arbres fruitiers.<\/p>\n<p>Au niveau des \u00e9tapes de sa visite, elle a re\u00e7u des explications sur les missions de la r\u00e9serve pr\u00e9sent\u00e9es par son directeur M. Sid Ahmed Ould Wadeha, notamment en ce qui concerne la restauration de la flore et de la faune menac\u00e9es d&#8217;extinction et le d\u00e9veloppement d&#8217;une \u00e9conomie locale \u00e0 travers des activit\u00e9s d\u2019\u00e9cotourisme.<\/p>\n<p>La ministre \u00e9tait accompagn\u00e9e durant cette visite du secr\u00e9taire g\u00e9n\u00e9ral du minist\u00e8re de l&#8217;Environnement et du D\u00e9veloppement durable, M. Sadvi Sidi Mohamed, et du hakem d\u2019Ouad Naga, M. Lemine Ould M\u2019Barek.<\/p>\n","protected":false},"excerpt":{"rendered":"<p>Dans le cadre de la prise de contacts avec les institutions et services affili\u00e9s son d\u00e9partement, la ministre de l&#8217;Environnement et du D\u00e9veloppement durable, Mme Laylia Kamara, a effectu\u00e9 une visite d&#8217;information \u00e0 la r\u00e9serve d&#8217;Awleiguatt situ\u00e9e dans la moughataa de Ouad Naga. La ministre s\u2019est inform\u00e9e sur les diff\u00e9rentes composantes de cette r\u00e9serve cr\u00e9\u00e9e [&hellip;]<\/p>\n","protected":false},"author":11,"featured_media":206947,"comment_status":"open","ping_status":"open","sticky":false,"template":"","format":"standard","meta":{"footnotes":""},"categories":[63918,63919,63957,63923,8672],"tags":[],"class_list":["post-206946","post","type-post","status-publish","format-standard","has-post-thumbnail","hentry","category-autres","category-choix-du-redacteur","category-fil-dactualite","category-slider-wilayas","category-8672"],"_links":{"self":[{"href":"https:\/\/ami.mr\/fr\/wp-json\/wp\/v2\/posts\/206946","targetHints":{"allow":["GET"]}}],"collection":[{"href":"https:\/\/ami.mr\/fr\/wp-json\/wp\/v2\/posts"}],"about":[{"href":"https:\/\/ami.mr\/fr\/wp-json\/wp\/v2\/types\/post"}],"author":[{"embeddable":true,"href":"https:\/\/ami.mr\/fr\/wp-json\/wp\/v2\/users\/11"}],"replies":[{"embeddable":true,"href":"https:\/\/ami.mr\/fr\/wp-json\/wp\/v2\/comments?post=206946"}],"version-history":[{"count":5,"href":"https:\/\/ami.mr\/fr\/wp-json\/wp\/v2\/posts\/206946\/revisions"}],"predecessor-version":[{"id":206956,"href":"https:\/\/ami.mr\/fr\/wp-json\/wp\/v2\/posts\/206946\/revisions\/206956"}],"wp:featuredmedia":[{"embeddable":true,"href":"https:\/\/ami.mr\/fr\/wp-json\/wp\/v2\/media\/206947"}],"wp:attachment":[{"href":"https:\/\/ami.mr\/fr\/wp-json\/wp\/v2\/media?parent=206946"}],"wp:term":[{"taxonomy":"category","embeddable":true,"href":"https:\/\/ami.mr\/fr\/wp-json\/wp\/v2\/categories?post=206946"},{"taxonomy":"post_tag","embeddable":true,"href":"https:\/\/ami.mr\/fr\/wp-json\/wp\/v2\/tags?post=206946"}],"curies":[{"name":"wp","href":"https:\/\/api.w.org\/{rel}","templated":true}]}}