{"id":206643,"date":"2022-09-26T21:26:51","date_gmt":"2022-09-26T21:26:51","guid":{"rendered":"https:\/\/ami.mr\/fr\/?p=206643"},"modified":"2022-09-26T21:26:51","modified_gmt":"2022-09-26T21:26:51","slug":"le-ministre-de-lemploi-sentretient-avec-le-representant-de-lunicef-en-mauritanie","status":"publish","type":"post","link":"https:\/\/ami.mr\/fr\/archives\/206643","title":{"rendered":"Le ministre de l\u2019Emploi s\u2019entretient avec le repr\u00e9sentant de l\u2019UNICEF en Mauritanie"},"content":{"rendered":"<div class=\"row\"><\/div>\n<div class=\"row\">\n<div class=\"cell auto-size\">\n<div class=\"set-border bd-gray padding10 margin10 no-margin-right no-margin-left \" dir=\"ltr\">\n<p>Le ministre de l&#8217;Emploi et de la Formation Professionnelle, M. Niang Mamoudou, s\u2019est entretenu, lundi matin \u00e0 Nouakchott, avec le repr\u00e9sentant de l&#8217;UNICEF en Mauritanie, M. Marc Lucet, accompagn\u00e9 de ses collaborateurs.<\/p>\n<p>La r\u00e9union a port\u00e9 sur les possibilit\u00e9s de coop\u00e9ration entre le d\u00e9partement et l&#8217;UNICEF, une coop\u00e9ration bilat\u00e9rale pour promouvoir l\u2019emploi des jeunes, bas\u00e9e sur l\u2019exp\u00e9rience du d\u00e9partement et celle de l&#8217;organisation.<\/p>\n<\/div>\n<\/div>\n<\/div>\n","protected":false},"excerpt":{"rendered":"<p>Le ministre de l&#8217;Emploi et de la Formation Professionnelle, M. Niang Mamoudou, s\u2019est entretenu, lundi matin \u00e0 Nouakchott, avec le repr\u00e9sentant de l&#8217;UNICEF en Mauritanie, M. Marc Lucet, accompagn\u00e9 de ses collaborateurs. La r\u00e9union a port\u00e9 sur les possibilit\u00e9s de coop\u00e9ration entre le d\u00e9partement et l&#8217;UNICEF, une coop\u00e9ration bilat\u00e9rale pour promouvoir l\u2019emploi des jeunes, bas\u00e9e [&hellip;]<\/p>\n","protected":false},"author":18,"featured_media":206644,"comment_status":"open","ping_status":"open","sticky":false,"template":"","format":"standard","meta":{"footnotes":""},"categories":[63920,63919,63957],"tags":[],"class_list":["post-206643","post","type-post","status-publish","format-standard","has-post-thumbnail","hentry","category-a-la-une","category-choix-du-redacteur","category-fil-dactualite"],"_links":{"self":[{"href":"https:\/\/ami.mr\/fr\/wp-json\/wp\/v2\/posts\/206643","targetHints":{"allow":["GET"]}}],"collection":[{"href":"https:\/\/ami.mr\/fr\/wp-json\/wp\/v2\/posts"}],"about":[{"href":"https:\/\/ami.mr\/fr\/wp-json\/wp\/v2\/types\/post"}],"author":[{"embeddable":true,"href":"https:\/\/ami.mr\/fr\/wp-json\/wp\/v2\/users\/18"}],"replies":[{"embeddable":true,"href":"https:\/\/ami.mr\/fr\/wp-json\/wp\/v2\/comments?post=206643"}],"version-history":[{"count":1,"href":"https:\/\/ami.mr\/fr\/wp-json\/wp\/v2\/posts\/206643\/revisions"}],"predecessor-version":[{"id":206645,"href":"https:\/\/ami.mr\/fr\/wp-json\/wp\/v2\/posts\/206643\/revisions\/206645"}],"wp:featuredmedia":[{"embeddable":true,"href":"https:\/\/ami.mr\/fr\/wp-json\/wp\/v2\/media\/206644"}],"wp:attachment":[{"href":"https:\/\/ami.mr\/fr\/wp-json\/wp\/v2\/media?parent=206643"}],"wp:term":[{"taxonomy":"category","embeddable":true,"href":"https:\/\/ami.mr\/fr\/wp-json\/wp\/v2\/categories?post=206643"},{"taxonomy":"post_tag","embeddable":true,"href":"https:\/\/ami.mr\/fr\/wp-json\/wp\/v2\/tags?post=206643"}],"curies":[{"name":"wp","href":"https:\/\/api.w.org\/{rel}","templated":true}]}}