{"id":206558,"date":"2022-09-25T14:53:28","date_gmt":"2022-09-25T14:53:28","guid":{"rendered":"https:\/\/ami.mr\/fr\/?p=206558"},"modified":"2022-09-25T14:53:28","modified_gmt":"2022-09-25T14:53:28","slug":"le-ministere-des-affaires-etrangeres-rencontre-son-homologue-marocain","status":"publish","type":"post","link":"https:\/\/ami.mr\/fr\/archives\/206558","title":{"rendered":"Le minist\u00e8re des Affaires \u00e9trang\u00e8res rencontre son homologue marocain"},"content":{"rendered":"<p>Le ministre des Affaires \u00e9trang\u00e8res, de la Coop\u00e9ration et des Mauritaniens de l\u2019Ext\u00e9rieur, M. Mohamed Salem Ould Merzoug, a rencontr\u00e9, en marge de la 77eme session de l\u2019Assembl\u00e9e g\u00e9n\u00e9rale des Nations Unies \u00e0 New York, M. Nasser Bourita, ministre marocain des Affaires \u00c9trang\u00e8res, de la Coop\u00e9ration Africaine et des Marocains R\u00e9sidant \u00e0 l\u2019\u00c9tranger.<\/p>\n<p>Au cours de la rencontre, les deux parties ont abord\u00e9 les relations de fraternit\u00e9 et de coop\u00e9ration existant entre les deux pays et les moyens susceptibles de les renforcer dans l\u2019int\u00e9r\u00eat commun des deux peuples fr\u00e8res.<\/p>\n<p>Il a \u00e9t\u00e9 aussi question des d\u00e9veloppements au niveau r\u00e9gional, international et d\u2019int\u00e9r\u00eat commun.<\/p>\n<p>La rencontre s\u2019est d\u00e9roul\u00e9e en pr\u00e9sence de M. Hasni Ould Lefghih, ambassadeur charg\u00e9 de mission au cabinet du ministre, de M. Mohamed Baba Ely Mahmoud, directeur du protocole au minist\u00e8re des affaires \u00e9trang\u00e8res et de M. Hacen Ahmedou, deuxi\u00e8me conseiller \u00e0 la mission permanente de notre pays aupr\u00e8s des Nations unies.<\/p>\n","protected":false},"excerpt":{"rendered":"<p>Le ministre des Affaires \u00e9trang\u00e8res, de la Coop\u00e9ration et des Mauritaniens de l\u2019Ext\u00e9rieur, M. Mohamed Salem Ould Merzoug, a rencontr\u00e9, en marge de la 77eme session de l\u2019Assembl\u00e9e g\u00e9n\u00e9rale des Nations Unies \u00e0 New York, M. Nasser Bourita, ministre marocain des Affaires \u00c9trang\u00e8res, de la Coop\u00e9ration Africaine et des Marocains R\u00e9sidant \u00e0 l\u2019\u00c9tranger. Au cours [&hellip;]<\/p>\n","protected":false},"author":11,"featured_media":206559,"comment_status":"open","ping_status":"open","sticky":false,"template":"","format":"standard","meta":{"footnotes":""},"categories":[63918,63919,63957,25,63926],"tags":[],"class_list":["post-206558","post","type-post","status-publish","format-standard","has-post-thumbnail","hentry","category-autres","category-choix-du-redacteur","category-fil-dactualite","category-25","category-slider-general"],"_links":{"self":[{"href":"https:\/\/ami.mr\/fr\/wp-json\/wp\/v2\/posts\/206558","targetHints":{"allow":["GET"]}}],"collection":[{"href":"https:\/\/ami.mr\/fr\/wp-json\/wp\/v2\/posts"}],"about":[{"href":"https:\/\/ami.mr\/fr\/wp-json\/wp\/v2\/types\/post"}],"author":[{"embeddable":true,"href":"https:\/\/ami.mr\/fr\/wp-json\/wp\/v2\/users\/11"}],"replies":[{"embeddable":true,"href":"https:\/\/ami.mr\/fr\/wp-json\/wp\/v2\/comments?post=206558"}],"version-history":[{"count":1,"href":"https:\/\/ami.mr\/fr\/wp-json\/wp\/v2\/posts\/206558\/revisions"}],"predecessor-version":[{"id":206560,"href":"https:\/\/ami.mr\/fr\/wp-json\/wp\/v2\/posts\/206558\/revisions\/206560"}],"wp:featuredmedia":[{"embeddable":true,"href":"https:\/\/ami.mr\/fr\/wp-json\/wp\/v2\/media\/206559"}],"wp:attachment":[{"href":"https:\/\/ami.mr\/fr\/wp-json\/wp\/v2\/media?parent=206558"}],"wp:term":[{"taxonomy":"category","embeddable":true,"href":"https:\/\/ami.mr\/fr\/wp-json\/wp\/v2\/categories?post=206558"},{"taxonomy":"post_tag","embeddable":true,"href":"https:\/\/ami.mr\/fr\/wp-json\/wp\/v2\/tags?post=206558"}],"curies":[{"name":"wp","href":"https:\/\/api.w.org\/{rel}","templated":true}]}}