{"id":206538,"date":"2022-09-24T20:57:34","date_gmt":"2022-09-24T20:57:34","guid":{"rendered":"https:\/\/ami.mr\/fr\/?p=206538"},"modified":"2022-09-24T20:57:34","modified_gmt":"2022-09-24T20:57:34","slug":"le-ministre-des-affaires-etrangeres-rencontre-son-homologue-egyptien","status":"publish","type":"post","link":"https:\/\/ami.mr\/fr\/archives\/206538","title":{"rendered":"Le ministre des affaires \u00e9trang\u00e8res rencontre son homologue \u00e9gyptien"},"content":{"rendered":"<p>Le ministre des Affaires \u00e9trang\u00e8res, de la Coop\u00e9ration et des Mauritaniens de l&#8217;ext\u00e9rieur, M. Mohamed Salem ould Merzoug, a rencontr\u00e9, samedi, en marge de la 77eme session des Nations Unies au si\u00e8ge de la mission permanente de la R\u00e9publique Arabe d&#8217;Egypte , M. Sameh Choukri, ministre \u00e9gyptien des affaires \u00e9trang\u00e8res.<\/p>\n<p>Au cours de la rencontre, les deux parties ont abord\u00e9 les \u00e9troites relations de fraternit\u00e9 et de coop\u00e9ration existant entre les deux pays et les moyens susceptibles de les renforcer dans l&#8217;int\u00e9r\u00eat commun des deux pays. Il a \u00e9t\u00e9 aussi question de l&#8217;ensemble des d\u00e9veloppements au niveau r\u00e9gional, international et d&#8217;int\u00e9r\u00eat commun.<\/p>\n<p>La rencontre s&#8217;est d\u00e9roul\u00e9e en pr\u00e9sence de M. Sidi Mohamed Laghdaf , ambassadeur et d\u00e9l\u00e9gu\u00e9 permanent de la Mauritanie aupr\u00e8s des Nations Unies, de M. Hasni Ould Lefghih, ambassadeur charg\u00e9 d&#8217;une mission au cabinet du ministre, de M. Mohamed Baba Ely, directeur du protocole au minist\u00e8re des affaires \u00e9trang\u00e8res et de M. Mohamed Diop, Conseiller \u00e0 la mission.<\/p>\n","protected":false},"excerpt":{"rendered":"<p>Le ministre des Affaires \u00e9trang\u00e8res, de la Coop\u00e9ration et des Mauritaniens de l&#8217;ext\u00e9rieur, M. Mohamed Salem ould Merzoug, a rencontr\u00e9, samedi, en marge de la 77eme session des Nations Unies au si\u00e8ge de la mission permanente de la R\u00e9publique Arabe d&#8217;Egypte , M. Sameh Choukri, ministre \u00e9gyptien des affaires \u00e9trang\u00e8res. Au cours de la rencontre, [&hellip;]<\/p>\n","protected":false},"author":13,"featured_media":206539,"comment_status":"open","ping_status":"open","sticky":false,"template":"","format":"standard","meta":{"footnotes":""},"categories":[63920,63919,63957,63927],"tags":[63990],"class_list":["post-206538","post","type-post","status-publish","format-standard","has-post-thumbnail","hentry","category-a-la-une","category-choix-du-redacteur","category-fil-dactualite","category-slider-mauritanie","tag-activites-gouvernementales"],"_links":{"self":[{"href":"https:\/\/ami.mr\/fr\/wp-json\/wp\/v2\/posts\/206538","targetHints":{"allow":["GET"]}}],"collection":[{"href":"https:\/\/ami.mr\/fr\/wp-json\/wp\/v2\/posts"}],"about":[{"href":"https:\/\/ami.mr\/fr\/wp-json\/wp\/v2\/types\/post"}],"author":[{"embeddable":true,"href":"https:\/\/ami.mr\/fr\/wp-json\/wp\/v2\/users\/13"}],"replies":[{"embeddable":true,"href":"https:\/\/ami.mr\/fr\/wp-json\/wp\/v2\/comments?post=206538"}],"version-history":[{"count":1,"href":"https:\/\/ami.mr\/fr\/wp-json\/wp\/v2\/posts\/206538\/revisions"}],"predecessor-version":[{"id":206540,"href":"https:\/\/ami.mr\/fr\/wp-json\/wp\/v2\/posts\/206538\/revisions\/206540"}],"wp:featuredmedia":[{"embeddable":true,"href":"https:\/\/ami.mr\/fr\/wp-json\/wp\/v2\/media\/206539"}],"wp:attachment":[{"href":"https:\/\/ami.mr\/fr\/wp-json\/wp\/v2\/media?parent=206538"}],"wp:term":[{"taxonomy":"category","embeddable":true,"href":"https:\/\/ami.mr\/fr\/wp-json\/wp\/v2\/categories?post=206538"},{"taxonomy":"post_tag","embeddable":true,"href":"https:\/\/ami.mr\/fr\/wp-json\/wp\/v2\/tags?post=206538"}],"curies":[{"name":"wp","href":"https:\/\/api.w.org\/{rel}","templated":true}]}}