{"id":206518,"date":"2022-09-24T18:03:47","date_gmt":"2022-09-24T18:03:47","guid":{"rendered":"https:\/\/ami.mr\/fr\/?p=206518"},"modified":"2022-09-24T18:03:47","modified_gmt":"2022-09-24T18:03:47","slug":"le-ministre-de-la-defense-nationale-regagne-nouakchott-en-provenance-du-niger","status":"publish","type":"post","link":"https:\/\/ami.mr\/fr\/archives\/206518","title":{"rendered":"Le ministre de la D\u00e9fense nationale regagne Nouakchott en provenance du Niger"},"content":{"rendered":"<p>Le ministre de la D\u00e9fense nationale, M. Hanena Ould Sidi, a regagn\u00e9 Nouakchott, samedi en provenance de la R\u00e9publique du Niger o\u00f9 il a particip\u00e9 \u00e0 la r\u00e9union des ministres de la D\u00e9fense des pays membres du G5 Sahel qui s&#8217;est tenue \u00e0 Niamey le 22 du mois courant.<\/p>\n<p>Au cours de la r\u00e9union, des questions dont le niveau d&#8217;op\u00e9rationnalit\u00e9 des unit\u00e9s militaires du G5 Sahel pr\u00e9sentes au Sahel ont \u00e9t\u00e9 discut\u00e9es, en plus de la contribution des pays membres au coll\u00e8ge de d\u00e9fense du Groupe.<\/p>\n<p>La r\u00e9union a \u00e9galement pass\u00e9 en revue les sujets pr\u00e9par\u00e9s par les experts ainsi que les rapports du comit\u00e9 de d\u00e9fense et de s\u00e9curit\u00e9.<\/p>\n<p>&nbsp;<\/p>\n<p>&nbsp;<\/p>\n<p>&nbsp;<\/p>\n<p>&nbsp;<\/p>\n","protected":false},"excerpt":{"rendered":"<p>Le ministre de la D\u00e9fense nationale, M. Hanena Ould Sidi, a regagn\u00e9 Nouakchott, samedi en provenance de la R\u00e9publique du Niger o\u00f9 il a particip\u00e9 \u00e0 la r\u00e9union des ministres de la D\u00e9fense des pays membres du G5 Sahel qui s&#8217;est tenue \u00e0 Niamey le 22 du mois courant. Au cours de la r\u00e9union, des [&hellip;]<\/p>\n","protected":false},"author":13,"featured_media":206519,"comment_status":"open","ping_status":"open","sticky":false,"template":"","format":"standard","meta":{"footnotes":""},"categories":[63920,63919,63957,63927],"tags":[63990],"class_list":["post-206518","post","type-post","status-publish","format-standard","has-post-thumbnail","hentry","category-a-la-une","category-choix-du-redacteur","category-fil-dactualite","category-slider-mauritanie","tag-activites-gouvernementales"],"_links":{"self":[{"href":"https:\/\/ami.mr\/fr\/wp-json\/wp\/v2\/posts\/206518","targetHints":{"allow":["GET"]}}],"collection":[{"href":"https:\/\/ami.mr\/fr\/wp-json\/wp\/v2\/posts"}],"about":[{"href":"https:\/\/ami.mr\/fr\/wp-json\/wp\/v2\/types\/post"}],"author":[{"embeddable":true,"href":"https:\/\/ami.mr\/fr\/wp-json\/wp\/v2\/users\/13"}],"replies":[{"embeddable":true,"href":"https:\/\/ami.mr\/fr\/wp-json\/wp\/v2\/comments?post=206518"}],"version-history":[{"count":1,"href":"https:\/\/ami.mr\/fr\/wp-json\/wp\/v2\/posts\/206518\/revisions"}],"predecessor-version":[{"id":206520,"href":"https:\/\/ami.mr\/fr\/wp-json\/wp\/v2\/posts\/206518\/revisions\/206520"}],"wp:featuredmedia":[{"embeddable":true,"href":"https:\/\/ami.mr\/fr\/wp-json\/wp\/v2\/media\/206519"}],"wp:attachment":[{"href":"https:\/\/ami.mr\/fr\/wp-json\/wp\/v2\/media?parent=206518"}],"wp:term":[{"taxonomy":"category","embeddable":true,"href":"https:\/\/ami.mr\/fr\/wp-json\/wp\/v2\/categories?post=206518"},{"taxonomy":"post_tag","embeddable":true,"href":"https:\/\/ami.mr\/fr\/wp-json\/wp\/v2\/tags?post=206518"}],"curies":[{"name":"wp","href":"https:\/\/api.w.org\/{rel}","templated":true}]}}