{"id":206510,"date":"2022-09-24T16:45:23","date_gmt":"2022-09-24T16:45:23","guid":{"rendered":"https:\/\/ami.mr\/fr\/?p=206510"},"modified":"2022-09-24T16:47:05","modified_gmt":"2022-09-24T16:47:05","slug":"reunion-du-comite-regional-de-la-gestion-de-crises-au-gorgol","status":"publish","type":"post","link":"https:\/\/ami.mr\/fr\/archives\/206510","title":{"rendered":"R\u00e9union du Comit\u00e9 R\u00e9gional de la Gestion de Crises au Gorgol"},"content":{"rendered":"<p>Le wali de Gorgol, M. Ahmedna Ould Sid Ebba, a pr\u00e9sid\u00e9, hier vendredi \u00e0 Ka\u00e9di, une r\u00e9union du comit\u00e9 r\u00e9gional de gestion de crises et de r\u00e9ponses aux urgences au niveau de la wilaya .<\/p>\n<p>La r\u00e9union a \u00e9t\u00e9 consacr\u00e9e \u00e0 \u00e9valuer les conditions g\u00e9n\u00e9rales des r\u00e9percussions des effets de la pluie et des temp\u00eates dans diverses parties de la wilaya depuis le d\u00e9but de l\u2019hivernage, \u00e0 passer en revue les diff\u00e9rentes interventions des d\u00e9partements minist\u00e9riels et d\u2019accompagnement des organismes de bienfaisance, des organisations, des hommes d&#8217;affaires et diff\u00e9rents acteurs accompagnant les efforts de l&#8217;\u00c9tat dans ce sens.<\/p>\n<p>Dans son intervention \u00e0 cette occasion, le wali a salu\u00e9 les performances des membres du comit\u00e9, chacun en ce qui le concerne, d&#8217;autant plus que ce comit\u00e9 est en r\u00e9union de fa\u00e7on permanente pour le suivi des diff\u00e9rents d\u00e9veloppements dans le dossier de la mont\u00e9e des eaux du fleuve, ainsi que les effets de la pluie sur la vie des citoyens.<\/p>\n<p>Il a pass\u00e9 en revue les diff\u00e9rentes interventions gouvernementales et les m\u00e9canismes utilis\u00e9s pour contr\u00f4ler et diriger l&#8217;aide et prendre en charge les familles qui ont \u00e9t\u00e9 d\u00e9plac\u00e9es temporairement vers certains \u00e9tablissements scolaires, notant la n\u00e9cessit\u00e9 d&#8217;\u00e9laborer des plans clairs pour assurer le suivi des interventions et des efforts de secours.<\/p>\n<p>M. Ahmedna Ould Sid Ebba a remerci\u00e9 les diff\u00e9rents acteurs impliqu\u00e9s dans les dons caritatifs, notamment les associations, les organisations, les \u00e9lus et les hommes d&#8217;affaires, qui ont contribu\u00e9 \u00e0 renforcer les efforts de l&#8217;\u00c9tat au profit des personnes touch\u00e9es par les inondations dans diverses zones de la wilaya.<\/p>\n<p>Les travaux de la r\u00e9union se sont d\u00e9roul\u00e9s en pr\u00e9sence du pr\u00e9sident de la R\u00e9gion du Gorgol, M. Amadou Abou Ba, du hakem de la moughataa de Ka\u00e9di, M. Lebatt Ould Moctar, du maire de sa commune, M. Tahara Baradji, et des autorit\u00e9s s\u00e9curitaires de la wilaya.<\/p>\n","protected":false},"excerpt":{"rendered":"<p>Le wali de Gorgol, M. Ahmedna Ould Sid Ebba, a pr\u00e9sid\u00e9, hier vendredi \u00e0 Ka\u00e9di, une r\u00e9union du comit\u00e9 r\u00e9gional de gestion de crises et de r\u00e9ponses aux urgences au niveau de la wilaya . La r\u00e9union a \u00e9t\u00e9 consacr\u00e9e \u00e0 \u00e9valuer les conditions g\u00e9n\u00e9rales des r\u00e9percussions des effets de la pluie et des temp\u00eates [&hellip;]<\/p>\n","protected":false},"author":13,"featured_media":206513,"comment_status":"open","ping_status":"open","sticky":false,"template":"","format":"standard","meta":{"footnotes":""},"categories":[63918,63919,63957,63923,8672],"tags":[],"class_list":["post-206510","post","type-post","status-publish","format-standard","has-post-thumbnail","hentry","category-autres","category-choix-du-redacteur","category-fil-dactualite","category-slider-wilayas","category-8672"],"_links":{"self":[{"href":"https:\/\/ami.mr\/fr\/wp-json\/wp\/v2\/posts\/206510","targetHints":{"allow":["GET"]}}],"collection":[{"href":"https:\/\/ami.mr\/fr\/wp-json\/wp\/v2\/posts"}],"about":[{"href":"https:\/\/ami.mr\/fr\/wp-json\/wp\/v2\/types\/post"}],"author":[{"embeddable":true,"href":"https:\/\/ami.mr\/fr\/wp-json\/wp\/v2\/users\/13"}],"replies":[{"embeddable":true,"href":"https:\/\/ami.mr\/fr\/wp-json\/wp\/v2\/comments?post=206510"}],"version-history":[{"count":1,"href":"https:\/\/ami.mr\/fr\/wp-json\/wp\/v2\/posts\/206510\/revisions"}],"predecessor-version":[{"id":206512,"href":"https:\/\/ami.mr\/fr\/wp-json\/wp\/v2\/posts\/206510\/revisions\/206512"}],"wp:featuredmedia":[{"embeddable":true,"href":"https:\/\/ami.mr\/fr\/wp-json\/wp\/v2\/media\/206513"}],"wp:attachment":[{"href":"https:\/\/ami.mr\/fr\/wp-json\/wp\/v2\/media?parent=206510"}],"wp:term":[{"taxonomy":"category","embeddable":true,"href":"https:\/\/ami.mr\/fr\/wp-json\/wp\/v2\/categories?post=206510"},{"taxonomy":"post_tag","embeddable":true,"href":"https:\/\/ami.mr\/fr\/wp-json\/wp\/v2\/tags?post=206510"}],"curies":[{"name":"wp","href":"https:\/\/api.w.org\/{rel}","templated":true}]}}