{"id":206439,"date":"2022-09-23T10:20:50","date_gmt":"2022-09-23T10:20:50","guid":{"rendered":"https:\/\/ami.mr\/fr\/?p=206439"},"modified":"2022-09-23T10:31:13","modified_gmt":"2022-09-23T10:31:13","slug":"le-president-de-la-republique-felicite-son-homologue-de-guinee-bissau","status":"publish","type":"post","link":"https:\/\/ami.mr\/fr\/archives\/206439","title":{"rendered":"Le Pr\u00e9sident de la R\u00e9publique f\u00e9licite son homologue de Guin\u00e9e Bissau"},"content":{"rendered":"<p>Le Pr\u00e9sident de la R\u00e9publique, Son Excellence Monsieur Mohamed Ould Cheikh El Ghazouani, a adress\u00e9 vendredi le message de f\u00e9licitations qui suit au Pr\u00e9sident de la R\u00e9publique de Guin\u00e9e Bissau, Son Excellence Monsieur Umaro Sissico Embalo, \u00e0 l\u2019occasion de la c\u00e9l\u00e9bration de la f\u00eate nationale de son pays.<\/p>\n<p>le message est ainsi libell\u00e9<\/p>\n<p>\u00ab Monsieur le Pr\u00e9sident et Cher Fr\u00e8re,<\/p>\n<p>La c\u00e9l\u00e9bration de la f\u00eate nationale de votre pays m\u2019offre l\u2019agr\u00e9able occasion de vous adresser mes chaleureuses f\u00e9licitations et mes meilleurs v\u0153ux de progr\u00e8s et de prosp\u00e9rit\u00e9 pour le peuple de Guin\u00e9e Bissau fr\u00e8re.<\/p>\n<p>Je saisis cette occasion pour vous assurer de notre ferme volont\u00e9 d\u2019\u0153uvrer au d\u00e9veloppement des relations de coop\u00e9ration entre nos deux pays et au renforcement des relations d\u2019amiti\u00e9 qui unissent nos deux peuples fr\u00e8res.<\/p>\n<p>Veuillez recevoir, Excellence et cher fr\u00e8re, l\u2019expression de ma tr\u00e8s haute consid\u00e9ration.<\/p>\n<p>Mohamed OULD CHEIKH EL GHAZOUANI\u201d.<\/p>\n","protected":false},"excerpt":{"rendered":"<p>Le Pr\u00e9sident de la R\u00e9publique, Son Excellence Monsieur Mohamed Ould Cheikh El Ghazouani, a adress\u00e9 vendredi le message de f\u00e9licitations qui suit au Pr\u00e9sident de la R\u00e9publique de Guin\u00e9e Bissau, Son Excellence Monsieur Umaro Sissico Embalo, \u00e0 l\u2019occasion de la c\u00e9l\u00e9bration de la f\u00eate nationale de son pays. le message est ainsi libell\u00e9 \u00ab Monsieur [&hellip;]<\/p>\n","protected":false},"author":11,"featured_media":206440,"comment_status":"open","ping_status":"open","sticky":false,"template":"","format":"standard","meta":{"footnotes":""},"categories":[63919,63957,25,63921,63926],"tags":[63991],"class_list":["post-206439","post","type-post","status-publish","format-standard","has-post-thumbnail","hentry","category-choix-du-redacteur","category-fil-dactualite","category-25","category-slider-afficher","category-slider-general","tag-activites-presidentielles"],"_links":{"self":[{"href":"https:\/\/ami.mr\/fr\/wp-json\/wp\/v2\/posts\/206439","targetHints":{"allow":["GET"]}}],"collection":[{"href":"https:\/\/ami.mr\/fr\/wp-json\/wp\/v2\/posts"}],"about":[{"href":"https:\/\/ami.mr\/fr\/wp-json\/wp\/v2\/types\/post"}],"author":[{"embeddable":true,"href":"https:\/\/ami.mr\/fr\/wp-json\/wp\/v2\/users\/11"}],"replies":[{"embeddable":true,"href":"https:\/\/ami.mr\/fr\/wp-json\/wp\/v2\/comments?post=206439"}],"version-history":[{"count":1,"href":"https:\/\/ami.mr\/fr\/wp-json\/wp\/v2\/posts\/206439\/revisions"}],"predecessor-version":[{"id":206441,"href":"https:\/\/ami.mr\/fr\/wp-json\/wp\/v2\/posts\/206439\/revisions\/206441"}],"wp:featuredmedia":[{"embeddable":true,"href":"https:\/\/ami.mr\/fr\/wp-json\/wp\/v2\/media\/206440"}],"wp:attachment":[{"href":"https:\/\/ami.mr\/fr\/wp-json\/wp\/v2\/media?parent=206439"}],"wp:term":[{"taxonomy":"category","embeddable":true,"href":"https:\/\/ami.mr\/fr\/wp-json\/wp\/v2\/categories?post=206439"},{"taxonomy":"post_tag","embeddable":true,"href":"https:\/\/ami.mr\/fr\/wp-json\/wp\/v2\/tags?post=206439"}],"curies":[{"name":"wp","href":"https:\/\/api.w.org\/{rel}","templated":true}]}}