{"id":206430,"date":"2022-09-22T22:04:21","date_gmt":"2022-09-22T22:04:21","guid":{"rendered":"https:\/\/ami.mr\/fr\/?p=206430"},"modified":"2022-09-22T22:04:21","modified_gmt":"2022-09-22T22:04:21","slug":"le-ministre-des-affaires-etrangeres-sentretient-avec-le-haut-representant-de-la-coalition-pour-le-sahel","status":"publish","type":"post","link":"https:\/\/ami.mr\/fr\/archives\/206430","title":{"rendered":"Le ministre des Affaires \u00e9trang\u00e8res s&#8217;entretient avec le Haut Repr\u00e9sentant de la Coalition pour le Sahel"},"content":{"rendered":"<div class=\"row\">\n<div class=\"cell auto-size bd-gray\" dir=\"ltr\">\n<div class=\"set-border padding10 margin10 no-margin-right no-margin-left\">LLe ministre des Affaires \u00e9trang\u00e8res, de la Coop\u00e9ration et des Mauritaniens de l&#8217;ext\u00e9rieur, M. Mohamed Salem Ould Merzoug, a re\u00e7u mercredi soir en audience au si\u00e8ge de la Mission permanente de la Mauritanie aupr\u00e8s des Nations Unies \u00e0 New York, en marge des travaux de la 77\u00e8me session de l&#8217;Assembl\u00e9e g\u00e9n\u00e9rale, Dr. Djim\u00e9 Adoum, Haut repr\u00e9sentant de la Coalition pour le Sahel.<\/div>\n<\/div>\n<\/div>\n<div class=\"row\">\n<div class=\"cell auto-size\">\n<div class=\"set-border bd-gray padding10 margin10 no-margin-right no-margin-left \" dir=\"ltr\">\n<p>Au cours de la rencontre, les relations de coop\u00e9ration entre notre pays et la Coalition pour le Sahel et les perspectives de leur renforcement ont \u00e9t\u00e9 \u00e9voqu\u00e9es afin de contribuer \u00e0 relever les d\u00e9fis de d\u00e9veloppement et de s\u00e9curit\u00e9 dans la r\u00e9gion.<\/p>\n<p>La rencontre s&#8217;est d\u00e9roul\u00e9e en pr\u00e9sence de M Sidi Mohamed Laghdaf, ambassadeur, repr\u00e9sentant permanent de notre pays aupr\u00e8s des Nations Unies, et de M. Mohamed Lemine Moulaye Ely, ambassadeur, directeur g\u00e9n\u00e9ral de la Direction de la Coop\u00e9ration Multilat\u00e9rale au minist\u00e8re des Affaires \u00e9trang\u00e8res. de la Coop\u00e9ration et des Mauritaniens de l&#8217;Ext\u00e9rieur.<\/p>\n<\/div>\n<\/div>\n<\/div>\n","protected":false},"excerpt":{"rendered":"<p>LLe ministre des Affaires \u00e9trang\u00e8res, de la Coop\u00e9ration et des Mauritaniens de l&#8217;ext\u00e9rieur, M. Mohamed Salem Ould Merzoug, a re\u00e7u mercredi soir en audience au si\u00e8ge de la Mission permanente de la Mauritanie aupr\u00e8s des Nations Unies \u00e0 New York, en marge des travaux de la 77\u00e8me session de l&#8217;Assembl\u00e9e g\u00e9n\u00e9rale, Dr. Djim\u00e9 Adoum, Haut [&hellip;]<\/p>\n","protected":false},"author":8,"featured_media":206431,"comment_status":"open","ping_status":"open","sticky":false,"template":"","format":"standard","meta":{"footnotes":""},"categories":[63918,63919,63957],"tags":[],"class_list":["post-206430","post","type-post","status-publish","format-standard","has-post-thumbnail","hentry","category-autres","category-choix-du-redacteur","category-fil-dactualite"],"_links":{"self":[{"href":"https:\/\/ami.mr\/fr\/wp-json\/wp\/v2\/posts\/206430","targetHints":{"allow":["GET"]}}],"collection":[{"href":"https:\/\/ami.mr\/fr\/wp-json\/wp\/v2\/posts"}],"about":[{"href":"https:\/\/ami.mr\/fr\/wp-json\/wp\/v2\/types\/post"}],"author":[{"embeddable":true,"href":"https:\/\/ami.mr\/fr\/wp-json\/wp\/v2\/users\/8"}],"replies":[{"embeddable":true,"href":"https:\/\/ami.mr\/fr\/wp-json\/wp\/v2\/comments?post=206430"}],"version-history":[{"count":1,"href":"https:\/\/ami.mr\/fr\/wp-json\/wp\/v2\/posts\/206430\/revisions"}],"predecessor-version":[{"id":206432,"href":"https:\/\/ami.mr\/fr\/wp-json\/wp\/v2\/posts\/206430\/revisions\/206432"}],"wp:featuredmedia":[{"embeddable":true,"href":"https:\/\/ami.mr\/fr\/wp-json\/wp\/v2\/media\/206431"}],"wp:attachment":[{"href":"https:\/\/ami.mr\/fr\/wp-json\/wp\/v2\/media?parent=206430"}],"wp:term":[{"taxonomy":"category","embeddable":true,"href":"https:\/\/ami.mr\/fr\/wp-json\/wp\/v2\/categories?post=206430"},{"taxonomy":"post_tag","embeddable":true,"href":"https:\/\/ami.mr\/fr\/wp-json\/wp\/v2\/tags?post=206430"}],"curies":[{"name":"wp","href":"https:\/\/api.w.org\/{rel}","templated":true}]}}