{"id":206421,"date":"2022-09-22T21:23:04","date_gmt":"2022-09-22T21:23:04","guid":{"rendered":"https:\/\/ami.mr\/fr\/?p=206421"},"modified":"2022-09-22T21:23:04","modified_gmt":"2022-09-22T21:23:04","slug":"le-ministre-de-lagriculture-recoit-la-representante-de-lafd","status":"publish","type":"post","link":"https:\/\/ami.mr\/fr\/archives\/206421","title":{"rendered":"Le ministre de l&#8217;agriculture re\u00e7oit la repr\u00e9sentante de l&#8217;AFD"},"content":{"rendered":"<div class=\"row\">\n<div class=\"cell auto-size bd-gray\" dir=\"ltr\"><\/div>\n<\/div>\n<div class=\"row\">\n<div class=\"cell auto-size\">\n<div class=\"set-border bd-gray padding10 margin10 no-margin-right no-margin-left \" dir=\"ltr\">\n<p>Le ministre de l&#8217;Agriculture, M. Yahya Ould Ahmed El Waghf, a re\u00e7u jeudi, en audience dans son bureau \u00e0 Nouakchott, la directrice adjointe de l&#8217;Agence Fran\u00e7aise de D\u00e9veloppement (AFD), Mme Claire Galant Moratti.<\/p>\n<p>Au cours de l\u2019entrevue, les projets de d\u00e9veloppement du secteur, financ\u00e9s par l&#8217;Agence fran\u00e7aise et leur \u00e9tat d&#8217;avancement ont \u00e9t\u00e9 pass\u00e9s en revue. Il a \u00e9t\u00e9 ax\u00e9 notamment sur les moyens d&#8217;\u00e9viter tout ce qui pourrait retarder la mise en \u0153uvre de ces projets.<\/p>\n<p>Au cours de l&#8217;entretien, le ministre a soulign\u00e9 la n\u00e9cessit\u00e9 de s&#8217;atteler \u00e0 acc\u00e9l\u00e9rer leur r\u00e9alisation et am\u00e9liorer la coordination en ce qui concerne la gestion et la mise en \u0153uvre des projets en cours, et d&#8217;acc\u00e9l\u00e9rer le processus d&#8217;ach\u00e8vement des proc\u00e9dures des projets dont le lancement est programm\u00e9 dans le futur proche.<\/p>\n<p>Il a \u00e9galement soulign\u00e9 la n\u00e9cessit\u00e9 d&#8217;orienter les fonds pour soutenir les priorit\u00e9s du secteur, en particulier dans les domaines de la formation agricole et de l&#8217;assurance.<\/p>\n<p>La rencontre s&#8217;est d\u00e9roul\u00e9e en pr\u00e9sence du secr\u00e9taire g\u00e9n\u00e9ral du minist\u00e8re, M. Ahmed Salem Ould El Arby, du directeur g\u00e9n\u00e9ral de la Soci\u00e9t\u00e9 Nationale de D\u00e9veloppement Rural &#8220;SONADER&#8221;, M. Momma Ould Beibata, et du coordinateur du projet AZARIG, M. Mohamed Ould Sidina.<\/p>\n<p>&nbsp;<\/p>\n<\/div>\n<\/div>\n<\/div>\n","protected":false},"excerpt":{"rendered":"<p>Le ministre de l&#8217;Agriculture, M. Yahya Ould Ahmed El Waghf, a re\u00e7u jeudi, en audience dans son bureau \u00e0 Nouakchott, la directrice adjointe de l&#8217;Agence Fran\u00e7aise de D\u00e9veloppement (AFD), Mme Claire Galant Moratti. Au cours de l\u2019entrevue, les projets de d\u00e9veloppement du secteur, financ\u00e9s par l&#8217;Agence fran\u00e7aise et leur \u00e9tat d&#8217;avancement ont \u00e9t\u00e9 pass\u00e9s en [&hellip;]<\/p>\n","protected":false},"author":8,"featured_media":206422,"comment_status":"open","ping_status":"open","sticky":false,"template":"","format":"standard","meta":{"footnotes":""},"categories":[63918,63919,63957],"tags":[],"class_list":["post-206421","post","type-post","status-publish","format-standard","has-post-thumbnail","hentry","category-autres","category-choix-du-redacteur","category-fil-dactualite"],"_links":{"self":[{"href":"https:\/\/ami.mr\/fr\/wp-json\/wp\/v2\/posts\/206421","targetHints":{"allow":["GET"]}}],"collection":[{"href":"https:\/\/ami.mr\/fr\/wp-json\/wp\/v2\/posts"}],"about":[{"href":"https:\/\/ami.mr\/fr\/wp-json\/wp\/v2\/types\/post"}],"author":[{"embeddable":true,"href":"https:\/\/ami.mr\/fr\/wp-json\/wp\/v2\/users\/8"}],"replies":[{"embeddable":true,"href":"https:\/\/ami.mr\/fr\/wp-json\/wp\/v2\/comments?post=206421"}],"version-history":[{"count":1,"href":"https:\/\/ami.mr\/fr\/wp-json\/wp\/v2\/posts\/206421\/revisions"}],"predecessor-version":[{"id":206423,"href":"https:\/\/ami.mr\/fr\/wp-json\/wp\/v2\/posts\/206421\/revisions\/206423"}],"wp:featuredmedia":[{"embeddable":true,"href":"https:\/\/ami.mr\/fr\/wp-json\/wp\/v2\/media\/206422"}],"wp:attachment":[{"href":"https:\/\/ami.mr\/fr\/wp-json\/wp\/v2\/media?parent=206421"}],"wp:term":[{"taxonomy":"category","embeddable":true,"href":"https:\/\/ami.mr\/fr\/wp-json\/wp\/v2\/categories?post=206421"},{"taxonomy":"post_tag","embeddable":true,"href":"https:\/\/ami.mr\/fr\/wp-json\/wp\/v2\/tags?post=206421"}],"curies":[{"name":"wp","href":"https:\/\/api.w.org\/{rel}","templated":true}]}}