{"id":206415,"date":"2022-09-22T20:48:55","date_gmt":"2022-09-22T20:48:55","guid":{"rendered":"https:\/\/ami.mr\/fr\/?p=206415"},"modified":"2022-09-22T20:48:55","modified_gmt":"2022-09-22T20:48:55","slug":"adrar-une-caravane-de-sensibilisation-appelle-les-jeunes-a-profiter-des-centres-de-formation-professionnelle","status":"publish","type":"post","link":"https:\/\/ami.mr\/fr\/archives\/206415","title":{"rendered":"Adrar : Une caravane de sensibilisation appelle les jeunes \u00e0 profiter des centres de formation professionnelle"},"content":{"rendered":"<div class=\"row\"><\/div>\n<div class=\"row\">\n<div class=\"cell auto-size\">\n<div class=\"set-border bd-gray padding10 margin10 no-margin-right no-margin-left \" dir=\"ltr\">\n<p>Le wali de l&#8217;Adrar, M. Diack Abdoulrazagh, a supervis\u00e9, jeudi \u00e0 Atar, le lancement d&#8217;une caravane de sensibilisation appelant les jeunes de la wilaya \u00e0 tirer profit des centres de formation professionnelle, organis\u00e9 par le programme &#8220;Mon m\u00e9tier&#8221; en coop\u00e9ration avec l\u2019administration G\u00e9n\u00e9rale de la Formation Technique et Professionnelle du Minist\u00e8re de l&#8217;Emploi et de la Formation Professionnelle.<\/p>\n<p>Le wali a indiqu\u00e9, lors de sa supervision du lancement de cette caravane de deux jours, que la campagne s&#8217;inscrit dans le cadre de la mise en \u0153uvre du programme de Son Excellence le Pr\u00e9sident de la R\u00e9publique, M. Mohamed Ould Cheikh El-Ghazouani, qui vise \u00e0 former quarante mille jeunes.<\/p>\n<p>Elle s&#8217;inscrit \u00e9galement dans le cadre de la d\u00e9finition de la carte de la formation \u00e0 l&#8217;horizon 2022 afin de sensibiliser les jeunes \u00e0 la n\u00e9cessit\u00e9 de se tourner vers les centres de formation pour b\u00e9n\u00e9ficier des offres propos\u00e9es dans toutes les sp\u00e9cialit\u00e9s professionnelles pour contribuer \u00e0 renforcer les opportunit\u00e9s d&#8217;acc\u00e8s au march\u00e9 du travail et la participation au d\u00e9veloppement \u00e9conomique.<\/p>\n<p>A son tour, M. Cheikh Abdellahi Ould Baba, directeur du Centre de formation professionnelle d&#8217;Atar, a indiqu\u00e9 que la caravane de sensibilisation sillonnera les moughataas d&#8217;Atar, Chinguetti et Aoujeft pour sensibiliser les jeunes \u00e0 l&#8217;importance de la formation professionnelle en raison de son r\u00f4le efficace dans le d\u00e9veloppement des comp\u00e9tences des jeunes et l&#8217;activation du march\u00e9 du travail au service du d\u00e9veloppement local.<\/p>\n<p>Pour sa part, M. Abderrahim Ould Amou, Chef du Service de la Formation au Minist\u00e8re de l&#8217;Emploi et de la Formation Professionnelle, a salu\u00e9 le r\u00f4le \u00e9minent jou\u00e9 par les autorit\u00e9s administratives et s\u00e9curitaires de la wilaya de l\u2019Adrar afin de faciliter le travail et de coordonner les efforts aux fins d&#8217;atteindre les objectifs fix\u00e9s dans le respect des d\u00e9lais sp\u00e9cifi\u00e9s.<\/p>\n<p>Le lancement de cette campagne a eu lieu en pr\u00e9sence du hakemde la moughataa d\u2019Atar, M. Mohamed Ahmed Ould Cheikhna, et des autorit\u00e9s s\u00e9curitaires de la wilaya.<\/p>\n<\/div>\n<\/div>\n<\/div>\n","protected":false},"excerpt":{"rendered":"<p>Le wali de l&#8217;Adrar, M. Diack Abdoulrazagh, a supervis\u00e9, jeudi \u00e0 Atar, le lancement d&#8217;une caravane de sensibilisation appelant les jeunes de la wilaya \u00e0 tirer profit des centres de formation professionnelle, organis\u00e9 par le programme &#8220;Mon m\u00e9tier&#8221; en coop\u00e9ration avec l\u2019administration G\u00e9n\u00e9rale de la Formation Technique et Professionnelle du Minist\u00e8re de l&#8217;Emploi et de [&hellip;]<\/p>\n","protected":false},"author":8,"featured_media":206416,"comment_status":"open","ping_status":"open","sticky":false,"template":"","format":"standard","meta":{"footnotes":""},"categories":[63919,63957,63923,8672],"tags":[],"class_list":["post-206415","post","type-post","status-publish","format-standard","has-post-thumbnail","hentry","category-choix-du-redacteur","category-fil-dactualite","category-slider-wilayas","category-8672"],"_links":{"self":[{"href":"https:\/\/ami.mr\/fr\/wp-json\/wp\/v2\/posts\/206415","targetHints":{"allow":["GET"]}}],"collection":[{"href":"https:\/\/ami.mr\/fr\/wp-json\/wp\/v2\/posts"}],"about":[{"href":"https:\/\/ami.mr\/fr\/wp-json\/wp\/v2\/types\/post"}],"author":[{"embeddable":true,"href":"https:\/\/ami.mr\/fr\/wp-json\/wp\/v2\/users\/8"}],"replies":[{"embeddable":true,"href":"https:\/\/ami.mr\/fr\/wp-json\/wp\/v2\/comments?post=206415"}],"version-history":[{"count":1,"href":"https:\/\/ami.mr\/fr\/wp-json\/wp\/v2\/posts\/206415\/revisions"}],"predecessor-version":[{"id":206417,"href":"https:\/\/ami.mr\/fr\/wp-json\/wp\/v2\/posts\/206415\/revisions\/206417"}],"wp:featuredmedia":[{"embeddable":true,"href":"https:\/\/ami.mr\/fr\/wp-json\/wp\/v2\/media\/206416"}],"wp:attachment":[{"href":"https:\/\/ami.mr\/fr\/wp-json\/wp\/v2\/media?parent=206415"}],"wp:term":[{"taxonomy":"category","embeddable":true,"href":"https:\/\/ami.mr\/fr\/wp-json\/wp\/v2\/categories?post=206415"},{"taxonomy":"post_tag","embeddable":true,"href":"https:\/\/ami.mr\/fr\/wp-json\/wp\/v2\/tags?post=206415"}],"curies":[{"name":"wp","href":"https:\/\/api.w.org\/{rel}","templated":true}]}}