{"id":206406,"date":"2022-09-22T20:08:39","date_gmt":"2022-09-22T20:08:39","guid":{"rendered":"https:\/\/ami.mr\/fr\/?p=206406"},"modified":"2022-09-22T20:08:39","modified_gmt":"2022-09-22T20:08:39","slug":"le-ministre-des-affaires-etrangeres-participe-a-une-reunion-des-ministres-des-affaires-etrangeres-de-loci","status":"publish","type":"post","link":"https:\/\/ami.mr\/fr\/archives\/206406","title":{"rendered":"Le ministre des Affaires \u00e9trang\u00e8res participe \u00e0 une r\u00e9union des ministres des Affaires \u00e9trang\u00e8res de l&#8217;OCI"},"content":{"rendered":"<div class=\"row\">\n<div class=\"cell auto-size bd-gray\" dir=\"ltr\"><\/div>\n<\/div>\n<div class=\"row\">\n<div class=\"cell auto-size\">\n<div class=\"set-border bd-gray padding10 margin10 no-margin-right no-margin-left \" dir=\"ltr\">\n<p>Le ministre des Affaires \u00e9trang\u00e8res, de la Coop\u00e9ration et des Mauritaniens de l&#8217;ext\u00e9rieur, M. Mohamed Salem Ould Merzoug, a particip\u00e9, jeudi, en marge de la 77\u00e8me session de l&#8217;Assembl\u00e9e g\u00e9n\u00e9rale des Nations Unies \u00e0 New York, \u00e0 une r\u00e9union de coordination des ministres des Affaires \u00e9trang\u00e8res de l&#8217;Organisation de la coop\u00e9ration Islamique (OCI).<\/p>\n<p>Cette r\u00e9union visait \u00e0 relever un certain nombre de d\u00e9fis auxquels sont confront\u00e9s les pays de l&#8217;OCI, au premier rang desquels figurent les conflits dans certains pays membres.<\/p>\n<p>L&#8217;entretien s&#8217;est d\u00e9roul\u00e9 en pr\u00e9sence de SEM Sidi Mohamed Laghdaf, ambassadeur et Repr\u00e9sentant Permanent de notre pays aupr\u00e8s des Nations Unies, Monsieur Mohamed Lemine Moulaye Ely, ambassadeur, directeur g\u00e9n\u00e9ral de la Direction de la Coop\u00e9ration multilat\u00e9rale au minist\u00e8re.<\/p>\n<\/div>\n<\/div>\n<\/div>\n","protected":false},"excerpt":{"rendered":"<p>Le ministre des Affaires \u00e9trang\u00e8res, de la Coop\u00e9ration et des Mauritaniens de l&#8217;ext\u00e9rieur, M. Mohamed Salem Ould Merzoug, a particip\u00e9, jeudi, en marge de la 77\u00e8me session de l&#8217;Assembl\u00e9e g\u00e9n\u00e9rale des Nations Unies \u00e0 New York, \u00e0 une r\u00e9union de coordination des ministres des Affaires \u00e9trang\u00e8res de l&#8217;Organisation de la coop\u00e9ration Islamique (OCI). Cette r\u00e9union [&hellip;]<\/p>\n","protected":false},"author":8,"featured_media":206407,"comment_status":"open","ping_status":"open","sticky":false,"template":"","format":"standard","meta":{"footnotes":""},"categories":[63918,63919,63957],"tags":[],"class_list":["post-206406","post","type-post","status-publish","format-standard","has-post-thumbnail","hentry","category-autres","category-choix-du-redacteur","category-fil-dactualite"],"_links":{"self":[{"href":"https:\/\/ami.mr\/fr\/wp-json\/wp\/v2\/posts\/206406","targetHints":{"allow":["GET"]}}],"collection":[{"href":"https:\/\/ami.mr\/fr\/wp-json\/wp\/v2\/posts"}],"about":[{"href":"https:\/\/ami.mr\/fr\/wp-json\/wp\/v2\/types\/post"}],"author":[{"embeddable":true,"href":"https:\/\/ami.mr\/fr\/wp-json\/wp\/v2\/users\/8"}],"replies":[{"embeddable":true,"href":"https:\/\/ami.mr\/fr\/wp-json\/wp\/v2\/comments?post=206406"}],"version-history":[{"count":1,"href":"https:\/\/ami.mr\/fr\/wp-json\/wp\/v2\/posts\/206406\/revisions"}],"predecessor-version":[{"id":206408,"href":"https:\/\/ami.mr\/fr\/wp-json\/wp\/v2\/posts\/206406\/revisions\/206408"}],"wp:featuredmedia":[{"embeddable":true,"href":"https:\/\/ami.mr\/fr\/wp-json\/wp\/v2\/media\/206407"}],"wp:attachment":[{"href":"https:\/\/ami.mr\/fr\/wp-json\/wp\/v2\/media?parent=206406"}],"wp:term":[{"taxonomy":"category","embeddable":true,"href":"https:\/\/ami.mr\/fr\/wp-json\/wp\/v2\/categories?post=206406"},{"taxonomy":"post_tag","embeddable":true,"href":"https:\/\/ami.mr\/fr\/wp-json\/wp\/v2\/tags?post=206406"}],"curies":[{"name":"wp","href":"https:\/\/api.w.org\/{rel}","templated":true}]}}