{"id":206387,"date":"2022-09-22T17:10:53","date_gmt":"2022-09-22T17:10:53","guid":{"rendered":"https:\/\/ami.mr\/fr\/?p=206387"},"modified":"2022-09-22T17:10:53","modified_gmt":"2022-09-22T17:10:53","slug":"le-premier-ministre-preside-une-reunion-du-comite-ministeriel-charge-du-suivi-de-la-pandemie-covid-19","status":"publish","type":"post","link":"https:\/\/ami.mr\/fr\/archives\/206387","title":{"rendered":"Le Premier ministre pr\u00e9side une r\u00e9union du Comit\u00e9 minist\u00e9riel charg\u00e9 du suivi de la pand\u00e9mie Covid-19"},"content":{"rendered":"<div class=\"row\"><\/div>\n<div class=\"row\">\n<div class=\"cell auto-size\">\n<div class=\"set-border bd-gray padding10 margin10 no-margin-right no-margin-left \" dir=\"ltr\">\n<p>Le Premier ministre,M. Mohamed Ould Bilal Messoud a pr\u00e9sid\u00e9, jeudi, au Premier minist\u00e8re \u00e0 Nouakchott, une r\u00e9union du comit\u00e9 minist\u00e9riel charg\u00e9 du suivi de la pand\u00e9mie Covid-19.<\/p>\n<p>Cette rencontre s&#8217;inscrit dans le cadre du suivi de la mise en \u0153uvre des directives de Son Excellence le Pr\u00e9sident de la R\u00e9publique, M. Mohamed Ould Cheikh El Ghazouani, relatives \u00e0 la transparence de la gestion du Fonds Covid-19, qui est l&#8217;un des engagements les plus importants du gouvernement envers les partenaires au d\u00e9veloppement et envers l&#8217;opinion publique.<\/p>\n<p>La r\u00e9union a donn\u00e9 lieu \u00e0 l\u2019expos\u00e9 et \u00e0 la discussion d\u2019un seul point, qui est un rapport remis par le ministre des Finances sur l&#8217;\u00e9tat de la mise en \u0153uvre du Fonds sp\u00e9cial de solidarit\u00e9 sociale et de lutte contre la Covid-19 pour les mois de juillet-ao\u00fbt.<\/p>\n<p>Le Comit\u00e9 a discut\u00e9 et approuv\u00e9 le rapport de mise en \u0153uvre du Fonds ; Apr\u00e8s discussion, il a d\u00e9cid\u00e9 de transmettre le rapport au Comit\u00e9 national charg\u00e9 du suivi de son ex\u00e9cution, conform\u00e9ment aux exigences du d\u00e9cret n\u00b0 66 &#8211; 2020 du 4 mai 2020.<\/p>\n<\/div>\n<\/div>\n<\/div>\n","protected":false},"excerpt":{"rendered":"<p>Le Premier ministre,M. Mohamed Ould Bilal Messoud a pr\u00e9sid\u00e9, jeudi, au Premier minist\u00e8re \u00e0 Nouakchott, une r\u00e9union du comit\u00e9 minist\u00e9riel charg\u00e9 du suivi de la pand\u00e9mie Covid-19. Cette rencontre s&#8217;inscrit dans le cadre du suivi de la mise en \u0153uvre des directives de Son Excellence le Pr\u00e9sident de la R\u00e9publique, M. Mohamed Ould Cheikh El [&hellip;]<\/p>\n","protected":false},"author":8,"featured_media":206388,"comment_status":"open","ping_status":"open","sticky":false,"template":"","format":"standard","meta":{"footnotes":""},"categories":[63919,63957,25,63921,63926],"tags":[],"class_list":["post-206387","post","type-post","status-publish","format-standard","has-post-thumbnail","hentry","category-choix-du-redacteur","category-fil-dactualite","category-25","category-slider-afficher","category-slider-general"],"_links":{"self":[{"href":"https:\/\/ami.mr\/fr\/wp-json\/wp\/v2\/posts\/206387","targetHints":{"allow":["GET"]}}],"collection":[{"href":"https:\/\/ami.mr\/fr\/wp-json\/wp\/v2\/posts"}],"about":[{"href":"https:\/\/ami.mr\/fr\/wp-json\/wp\/v2\/types\/post"}],"author":[{"embeddable":true,"href":"https:\/\/ami.mr\/fr\/wp-json\/wp\/v2\/users\/8"}],"replies":[{"embeddable":true,"href":"https:\/\/ami.mr\/fr\/wp-json\/wp\/v2\/comments?post=206387"}],"version-history":[{"count":1,"href":"https:\/\/ami.mr\/fr\/wp-json\/wp\/v2\/posts\/206387\/revisions"}],"predecessor-version":[{"id":206389,"href":"https:\/\/ami.mr\/fr\/wp-json\/wp\/v2\/posts\/206387\/revisions\/206389"}],"wp:featuredmedia":[{"embeddable":true,"href":"https:\/\/ami.mr\/fr\/wp-json\/wp\/v2\/media\/206388"}],"wp:attachment":[{"href":"https:\/\/ami.mr\/fr\/wp-json\/wp\/v2\/media?parent=206387"}],"wp:term":[{"taxonomy":"category","embeddable":true,"href":"https:\/\/ami.mr\/fr\/wp-json\/wp\/v2\/categories?post=206387"},{"taxonomy":"post_tag","embeddable":true,"href":"https:\/\/ami.mr\/fr\/wp-json\/wp\/v2\/tags?post=206387"}],"curies":[{"name":"wp","href":"https:\/\/api.w.org\/{rel}","templated":true}]}}