{"id":206372,"date":"2022-09-22T13:44:01","date_gmt":"2022-09-22T13:44:01","guid":{"rendered":"https:\/\/ami.mr\/fr\/?p=206372"},"modified":"2022-09-22T13:44:01","modified_gmt":"2022-09-22T13:44:01","slug":"le-ministre-des-peches-se-rend-en-algerie","status":"publish","type":"post","link":"https:\/\/ami.mr\/fr\/archives\/206372","title":{"rendered":"Le ministre des P\u00eaches se rend en Alg\u00e9rie"},"content":{"rendered":"<div class=\"cell auto-size\">\n<div class=\"set-border bd-gray padding10 margin10 no-margin-right no-margin-left \" dir=\"ltr\">\n<p>\u00a0Le ministre des P\u00eaches et de l\u2019Economie maritime, M. Mohamed Ould Abidine Ould M\u2019Aayif, a quitt\u00e9 Nouakchott, mercredi soir, \u00e0 destination d\u2019Alger sur invitation de son homologue alg\u00e9rien.<\/p>\n<p>Cette visite s\u2019inscrit dans le cadre de la consolidation des relations de coop\u00e9ration existantes entre les deux pays fr\u00e8res, la Mauritanie et l\u2019Alg\u00e9rie, en particulier, dans le domaine des p\u00eaches et de l\u2019\u00e9conomie maritime.<\/p>\n<p>M. le ministre est accompagn\u00e9, au cours de ce voyage, de M. Dah Ould Alioune, charg\u00e9 de mission au cabinet du ministre, du commandant de la Garde c\u00f4ti\u00e8re, capitaine de vaisseau Mohamedou Ould Abderrahmane et du directeur g\u00e9n\u00e9ral de l\u2019Institut mauritanien des Recherches oc\u00e9anographiques et des P\u00eaches, M. Mohamed El Hafedh Ould Ejiwen.<\/p>\n<\/div>\n<\/div>\n","protected":false},"excerpt":{"rendered":"<p>\u00a0Le ministre des P\u00eaches et de l\u2019Economie maritime, M. Mohamed Ould Abidine Ould M\u2019Aayif, a quitt\u00e9 Nouakchott, mercredi soir, \u00e0 destination d\u2019Alger sur invitation de son homologue alg\u00e9rien. Cette visite s\u2019inscrit dans le cadre de la consolidation des relations de coop\u00e9ration existantes entre les deux pays fr\u00e8res, la Mauritanie et l\u2019Alg\u00e9rie, en particulier, dans le [&hellip;]<\/p>\n","protected":false},"author":5,"featured_media":206373,"comment_status":"open","ping_status":"open","sticky":false,"template":"","format":"standard","meta":{"footnotes":""},"categories":[63920,63919,63957],"tags":[],"class_list":["post-206372","post","type-post","status-publish","format-standard","has-post-thumbnail","hentry","category-a-la-une","category-choix-du-redacteur","category-fil-dactualite"],"_links":{"self":[{"href":"https:\/\/ami.mr\/fr\/wp-json\/wp\/v2\/posts\/206372","targetHints":{"allow":["GET"]}}],"collection":[{"href":"https:\/\/ami.mr\/fr\/wp-json\/wp\/v2\/posts"}],"about":[{"href":"https:\/\/ami.mr\/fr\/wp-json\/wp\/v2\/types\/post"}],"author":[{"embeddable":true,"href":"https:\/\/ami.mr\/fr\/wp-json\/wp\/v2\/users\/5"}],"replies":[{"embeddable":true,"href":"https:\/\/ami.mr\/fr\/wp-json\/wp\/v2\/comments?post=206372"}],"version-history":[{"count":1,"href":"https:\/\/ami.mr\/fr\/wp-json\/wp\/v2\/posts\/206372\/revisions"}],"predecessor-version":[{"id":206374,"href":"https:\/\/ami.mr\/fr\/wp-json\/wp\/v2\/posts\/206372\/revisions\/206374"}],"wp:featuredmedia":[{"embeddable":true,"href":"https:\/\/ami.mr\/fr\/wp-json\/wp\/v2\/media\/206373"}],"wp:attachment":[{"href":"https:\/\/ami.mr\/fr\/wp-json\/wp\/v2\/media?parent=206372"}],"wp:term":[{"taxonomy":"category","embeddable":true,"href":"https:\/\/ami.mr\/fr\/wp-json\/wp\/v2\/categories?post=206372"},{"taxonomy":"post_tag","embeddable":true,"href":"https:\/\/ami.mr\/fr\/wp-json\/wp\/v2\/tags?post=206372"}],"curies":[{"name":"wp","href":"https:\/\/api.w.org\/{rel}","templated":true}]}}