{"id":206361,"date":"2022-09-22T11:37:09","date_gmt":"2022-09-22T11:37:09","guid":{"rendered":"https:\/\/ami.mr\/fr\/?p=206361"},"modified":"2022-09-22T11:37:09","modified_gmt":"2022-09-22T11:37:09","slug":"le-president-de-la-republique-adresse-un-message-de-felicitation-au-prince-heritier-darabie-saoudite","status":"publish","type":"post","link":"https:\/\/ami.mr\/fr\/archives\/206361","title":{"rendered":"Le Pr\u00e9sident de la R\u00e9publique adresse un message de f\u00e9licitation au prince h\u00e9ritier d\u2019Arabie Saoudite"},"content":{"rendered":"<p>Le Pr\u00e9sident de la R\u00e9publique Son Excellence Monsieur Mohamed Ould Cheikh El Ghazouani a adress\u00e9 le message de f\u00e9licitation qui suit \u00e0 Son Altesse Mohamed Ben Selman Ben Abdelaziz Al Saoud, prince h\u00e9ritier du Royaume d\u2019Arabie Saoudite, vice-pr\u00e9sident du conseil des ministres et ministre de la D\u00e9fense du Royaume, \u00e0 l\u2019occasion de la comm\u00e9moration de la f\u00eate nationale de ce pays fr\u00e8re :<\/p>\n<p>\u00ab Altesse et Cher Fr\u00e8re,<\/p>\n<p>La c\u00e9l\u00e9bration de la f\u00eate nationale du Royaume d\u2019Arabie Saoudite fr\u00e8re m\u2019offre l\u2019agr\u00e9able occasion d\u2019adresser \u00e0 Votre Altesse, mes chaleureuses f\u00e9licitations et mes meilleurs v\u0153ux de progr\u00e8s et de prosp\u00e9rit\u00e9 pour le peuple saoudien fr\u00e8re.<\/p>\n<p>Je saisis cette occasion pour vous assurer de notre ferme volont\u00e9 d\u2019\u0153uvrer au d\u00e9veloppement des relations de fraternit\u00e9 et de coop\u00e9ration entre nos deux pays et au renforcement des relations d\u2019amiti\u00e9 et de fraternit\u00e9 qui unissent nos deux peuples fr\u00e8res.<\/p>\n<p>Je Vous prie d\u2019agr\u00e9er, Altesse, l\u2019expression de ma tr\u00e8s haute consid\u00e9ration.<\/p>\n<p>Votre Fr\u00e8re Mohamed Ould Cheikh El Ghazouani.&#8221;<\/p>\n","protected":false},"excerpt":{"rendered":"<p>Le Pr\u00e9sident de la R\u00e9publique Son Excellence Monsieur Mohamed Ould Cheikh El Ghazouani a adress\u00e9 le message de f\u00e9licitation qui suit \u00e0 Son Altesse Mohamed Ben Selman Ben Abdelaziz Al Saoud, prince h\u00e9ritier du Royaume d\u2019Arabie Saoudite, vice-pr\u00e9sident du conseil des ministres et ministre de la D\u00e9fense du Royaume, \u00e0 l\u2019occasion de la comm\u00e9moration de [&hellip;]<\/p>\n","protected":false},"author":5,"featured_media":206362,"comment_status":"open","ping_status":"open","sticky":false,"template":"","format":"standard","meta":{"footnotes":""},"categories":[63919,63957,25,63921,63926],"tags":[63991],"class_list":["post-206361","post","type-post","status-publish","format-standard","has-post-thumbnail","hentry","category-choix-du-redacteur","category-fil-dactualite","category-25","category-slider-afficher","category-slider-general","tag-activites-presidentielles"],"_links":{"self":[{"href":"https:\/\/ami.mr\/fr\/wp-json\/wp\/v2\/posts\/206361","targetHints":{"allow":["GET"]}}],"collection":[{"href":"https:\/\/ami.mr\/fr\/wp-json\/wp\/v2\/posts"}],"about":[{"href":"https:\/\/ami.mr\/fr\/wp-json\/wp\/v2\/types\/post"}],"author":[{"embeddable":true,"href":"https:\/\/ami.mr\/fr\/wp-json\/wp\/v2\/users\/5"}],"replies":[{"embeddable":true,"href":"https:\/\/ami.mr\/fr\/wp-json\/wp\/v2\/comments?post=206361"}],"version-history":[{"count":1,"href":"https:\/\/ami.mr\/fr\/wp-json\/wp\/v2\/posts\/206361\/revisions"}],"predecessor-version":[{"id":206363,"href":"https:\/\/ami.mr\/fr\/wp-json\/wp\/v2\/posts\/206361\/revisions\/206363"}],"wp:featuredmedia":[{"embeddable":true,"href":"https:\/\/ami.mr\/fr\/wp-json\/wp\/v2\/media\/206362"}],"wp:attachment":[{"href":"https:\/\/ami.mr\/fr\/wp-json\/wp\/v2\/media?parent=206361"}],"wp:term":[{"taxonomy":"category","embeddable":true,"href":"https:\/\/ami.mr\/fr\/wp-json\/wp\/v2\/categories?post=206361"},{"taxonomy":"post_tag","embeddable":true,"href":"https:\/\/ami.mr\/fr\/wp-json\/wp\/v2\/tags?post=206361"}],"curies":[{"name":"wp","href":"https:\/\/api.w.org\/{rel}","templated":true}]}}