{"id":206358,"date":"2022-09-22T11:13:47","date_gmt":"2022-09-22T11:13:47","guid":{"rendered":"https:\/\/ami.mr\/fr\/?p=206358"},"modified":"2022-09-22T11:13:47","modified_gmt":"2022-09-22T11:13:47","slug":"le-ministre-de-la-fonction-publique-regagne-nouakchott","status":"publish","type":"post","link":"https:\/\/ami.mr\/fr\/archives\/206358","title":{"rendered":"Le ministre de la Fonction publique regagne Nouakchott"},"content":{"rendered":"<p>Le ministre de la Fonction publique et du Travail, M. Mohamed Ould Abdellahi Ould Ethmane, a regagn\u00e9 Nouakchott, jeudi matin, en provenance du Caire, en Egypte, o\u00f9 il a pris part, \u00e0 la t\u00eate d\u2019une d\u00e9l\u00e9gation de son d\u00e9partement et des parties prenantes au dialogue social tripartite, aux travaux de la 48\u00e8me session de la conf\u00e9rence des ministres arabes du travail.<\/p>\n<p>Le ministre avait prononc\u00e9 un mot, \u00e0 l\u2019ouverture des travaux de la session, dans lequel il a expliqu\u00e9 les mesures prises par le gouvernement conform\u00e9ment aux directives du Pr\u00e9sident de la R\u00e9publique Son Excellence Monsieur Mohamed Ould Cheikh El Ghazouani visant l\u2019am\u00e9lioration des conditions de vie et la s\u00e9curit\u00e9 professionnelle des travailleurs issus des couches vuln\u00e9rables, en particulier, dans le contexte de la pand\u00e9mie de Covid-19<\/p>\n","protected":false},"excerpt":{"rendered":"<p>Le ministre de la Fonction publique et du Travail, M. Mohamed Ould Abdellahi Ould Ethmane, a regagn\u00e9 Nouakchott, jeudi matin, en provenance du Caire, en Egypte, o\u00f9 il a pris part, \u00e0 la t\u00eate d\u2019une d\u00e9l\u00e9gation de son d\u00e9partement et des parties prenantes au dialogue social tripartite, aux travaux de la 48\u00e8me session de la [&hellip;]<\/p>\n","protected":false},"author":5,"featured_media":206359,"comment_status":"open","ping_status":"open","sticky":false,"template":"","format":"standard","meta":{"footnotes":""},"categories":[63920,63919,63957],"tags":[],"class_list":["post-206358","post","type-post","status-publish","format-standard","has-post-thumbnail","hentry","category-a-la-une","category-choix-du-redacteur","category-fil-dactualite"],"_links":{"self":[{"href":"https:\/\/ami.mr\/fr\/wp-json\/wp\/v2\/posts\/206358","targetHints":{"allow":["GET"]}}],"collection":[{"href":"https:\/\/ami.mr\/fr\/wp-json\/wp\/v2\/posts"}],"about":[{"href":"https:\/\/ami.mr\/fr\/wp-json\/wp\/v2\/types\/post"}],"author":[{"embeddable":true,"href":"https:\/\/ami.mr\/fr\/wp-json\/wp\/v2\/users\/5"}],"replies":[{"embeddable":true,"href":"https:\/\/ami.mr\/fr\/wp-json\/wp\/v2\/comments?post=206358"}],"version-history":[{"count":1,"href":"https:\/\/ami.mr\/fr\/wp-json\/wp\/v2\/posts\/206358\/revisions"}],"predecessor-version":[{"id":206360,"href":"https:\/\/ami.mr\/fr\/wp-json\/wp\/v2\/posts\/206358\/revisions\/206360"}],"wp:featuredmedia":[{"embeddable":true,"href":"https:\/\/ami.mr\/fr\/wp-json\/wp\/v2\/media\/206359"}],"wp:attachment":[{"href":"https:\/\/ami.mr\/fr\/wp-json\/wp\/v2\/media?parent=206358"}],"wp:term":[{"taxonomy":"category","embeddable":true,"href":"https:\/\/ami.mr\/fr\/wp-json\/wp\/v2\/categories?post=206358"},{"taxonomy":"post_tag","embeddable":true,"href":"https:\/\/ami.mr\/fr\/wp-json\/wp\/v2\/tags?post=206358"}],"curies":[{"name":"wp","href":"https:\/\/api.w.org\/{rel}","templated":true}]}}