{"id":206341,"date":"2022-09-21T20:57:45","date_gmt":"2022-09-21T20:57:45","guid":{"rendered":"https:\/\/ami.mr\/fr\/?p=206341"},"modified":"2022-09-21T20:58:45","modified_gmt":"2022-09-21T20:58:45","slug":"marrakech-la-hapa-participe-a-la-conference-du-reseau-des-instances-africaines-de-regulation","status":"publish","type":"post","link":"https:\/\/ami.mr\/fr\/archives\/206341","title":{"rendered":"Marrakech : La HAPA participe \u00e0 la Conf\u00e9rence du R\u00e9seau des instances africaines de r\u00e9gulation"},"content":{"rendered":"<div class=\"cell auto-size\">\n<div class=\"set-border bd-gray padding10 margin10 no-margin-right no-margin-left \" dir=\"ltr\">\n<p>Une d\u00e9l\u00e9gation de la Haute Autorit\u00e9 de la Presse et de l&#8217;Audiovisuel (HAPA) participe aux travaux de la dixi\u00e8me session de la Conf\u00e9rence du R\u00e9seau des Instances africaines de R\u00e9gulation, qui a d\u00e9but\u00e9 ses travaux mercredi \u00e0 Marrakech, au Royaume du Maroc, avec la participation des autorit\u00e9s de r\u00e9gulation africaines sous le titre : Communication Audiovisuelle Africaine : Voies de D\u00e9veloppement et D\u00e9fis Emergents.<\/p>\n<p>Dans son discours d&#8217;ouverture des travaux du colloque organis\u00e9 par l&#8217;instance, la pr\u00e9sidente de la Haute Autorit\u00e9 marocaine de la communication audiovisuelle, Mme Latifa Akharbach, a estim\u00e9 que cette rencontre multilat\u00e9rale, \u00e0 laquelle participent plusieurs pays africains parlant arabe, fran\u00e7ais, anglais et portugais, repr\u00e9sente un nouveau d\u00e9part pour les activit\u00e9s du R\u00e9seau Africain des Instances de R\u00e9gulation de la Communication apr\u00e8s un arr\u00eat d&#8217;urgence impos\u00e9 par la pand\u00e9mie Covid.<\/p>\n<p>Elle a ajout\u00e9 que cette conf\u00e9rence est l&#8217;occasion pour les participants de croiser des visions et d&#8217;enrichir une r\u00e9flexion commune sur les enjeux \u00e9conomiques, culturels, technologiques et professionnels li\u00e9s au d\u00e9veloppement de la communication audiovisuelle africaine dans le contexte de nombreuses transformations profondes du syst\u00e8me des m\u00e9dias et de la communication.<\/p>\n<p>Les travaux du symposium \u00e9clairent la r\u00e9alit\u00e9 et le contexte africain quant \u00e0 l&#8217;\u00e9volution des aspirations de l&#8217;audience des m\u00e9dias et des attentes des professionnels des m\u00e9dias sur le continent, avec une ouverture aux exp\u00e9riences et visions internationales, compte tenu du caract\u00e8re global de la communication moderne.<\/p>\n<p>Les trois sessions du colloque th\u00e9matique sont consacr\u00e9es \u00e0 des enjeux de grande importance pour les m\u00e9dias audiovisuels africains, tels que la recherche d&#8217;un nouveau mod\u00e8le \u00e9conomique, les transformations des pratiques et des normes professionnelles, ainsi que les strat\u00e9gies num\u00e9riques qui doivent \u00eatre d\u00e9velopp\u00e9es pour assurer le d\u00e9veloppement de ce secteur dans le contexte des profondes transformations induites par les technologies num\u00e9riques.<\/p>\n<p>Au cours du colloque, la Haute Autorit\u00e9 de la Presse et de l&#8217;Audiovisuel pr\u00e9sentera des expos\u00e9s sur les enjeux \u00e9conomiques des institutions m\u00e9diatiques africaines, la voie de la r\u00e9forme des m\u00e9dias en Mauritanie, et les modifications apport\u00e9es \u00e0 la loi sur la HAPA et \u00e0 l&#8217;arsenal juridique r\u00e9glementant les m\u00e9dias en Mauritanie pour assurer l&#8217;am\u00e9lioration des approches juridiques sociales et repr\u00e9sentatives de l&#8217;exercice de la profession.<\/p>\n<p>Le R\u00e9seau africain des instances de r\u00e9gulation de la communication constitue un cadre de r\u00e9f\u00e9rence pour la coop\u00e9ration multilat\u00e9rale entre les instances de r\u00e9gulation des m\u00e9dias du continent africain et contribue \u00e0 la consolidation de l&#8217;autorit\u00e9 professionnelle, technique et institutionnelle de ses trente-six instances membres.<\/p>\n<p>L&#8217;un de ses objectifs les plus importants est de renforcer la contribution des instances de r\u00e9gulation des m\u00e9dias \u00e0 l\u2019ancrage d&#8217;une sc\u00e8ne audiovisuelle africaine pluraliste qui valorise la diversit\u00e9 des soci\u00e9t\u00e9s africaines, attach\u00e9e aux principes et droits et porteuse de valeurs d\u00e9mocratiques et humaines.<\/p>\n<\/div>\n<\/div>\n","protected":false},"excerpt":{"rendered":"<p>Une d\u00e9l\u00e9gation de la Haute Autorit\u00e9 de la Presse et de l&#8217;Audiovisuel (HAPA) participe aux travaux de la dixi\u00e8me session de la Conf\u00e9rence du R\u00e9seau des Instances africaines de R\u00e9gulation, qui a d\u00e9but\u00e9 ses travaux mercredi \u00e0 Marrakech, au Royaume du Maroc, avec la participation des autorit\u00e9s de r\u00e9gulation africaines sous le titre : Communication [&hellip;]<\/p>\n","protected":false},"author":18,"featured_media":206342,"comment_status":"open","ping_status":"open","sticky":false,"template":"","format":"standard","meta":{"footnotes":""},"categories":[63918,63919,63957],"tags":[],"class_list":["post-206341","post","type-post","status-publish","format-standard","has-post-thumbnail","hentry","category-autres","category-choix-du-redacteur","category-fil-dactualite"],"_links":{"self":[{"href":"https:\/\/ami.mr\/fr\/wp-json\/wp\/v2\/posts\/206341","targetHints":{"allow":["GET"]}}],"collection":[{"href":"https:\/\/ami.mr\/fr\/wp-json\/wp\/v2\/posts"}],"about":[{"href":"https:\/\/ami.mr\/fr\/wp-json\/wp\/v2\/types\/post"}],"author":[{"embeddable":true,"href":"https:\/\/ami.mr\/fr\/wp-json\/wp\/v2\/users\/18"}],"replies":[{"embeddable":true,"href":"https:\/\/ami.mr\/fr\/wp-json\/wp\/v2\/comments?post=206341"}],"version-history":[{"count":1,"href":"https:\/\/ami.mr\/fr\/wp-json\/wp\/v2\/posts\/206341\/revisions"}],"predecessor-version":[{"id":206343,"href":"https:\/\/ami.mr\/fr\/wp-json\/wp\/v2\/posts\/206341\/revisions\/206343"}],"wp:featuredmedia":[{"embeddable":true,"href":"https:\/\/ami.mr\/fr\/wp-json\/wp\/v2\/media\/206342"}],"wp:attachment":[{"href":"https:\/\/ami.mr\/fr\/wp-json\/wp\/v2\/media?parent=206341"}],"wp:term":[{"taxonomy":"category","embeddable":true,"href":"https:\/\/ami.mr\/fr\/wp-json\/wp\/v2\/categories?post=206341"},{"taxonomy":"post_tag","embeddable":true,"href":"https:\/\/ami.mr\/fr\/wp-json\/wp\/v2\/tags?post=206341"}],"curies":[{"name":"wp","href":"https:\/\/api.w.org\/{rel}","templated":true}]}}