{"id":206315,"date":"2022-09-21T18:12:06","date_gmt":"2022-09-21T18:12:06","guid":{"rendered":"https:\/\/ami.mr\/fr\/?p=206315"},"modified":"2022-09-21T18:14:44","modified_gmt":"2022-09-21T18:14:44","slug":"le-f-i-t-passe-au-nord-de-dakhlet-nouadhibou-et-bir-moghrein","status":"publish","type":"post","link":"https:\/\/ami.mr\/fr\/archives\/206315","title":{"rendered":"Le F.I.T passe au Nord de Dakhlet Nouadhibou, et Bir-Moghrein"},"content":{"rendered":"<p>La situation m\u00e9t\u00e9orologique en Mauritanie sera domin\u00e9e, au cours des prochaines 48 heures, par le passage du Front-intertropical (F.I.T) qui occupera une position au voisinage de Nouadibou et Bir-moghrein avec une bonne p\u00e9n\u00e9tration de la mousson sur l&#8217;ensemble du pays.<\/p>\n<p>Cette situation pourra favoriser quelques activit\u00e9s pluvio-orageuses sur le Sud, le centre, le Nord et l&#8217;Ouest du pays (y compris Nouakchott, et Nouadhibou).<\/p>\n<p>Sur la ville de Nouakchott, les vents seront faibles \u00e0 mod\u00e9r\u00e9s de secteur Est \u00e0 Sud- Est avec une visibilit\u00e9 affect\u00e9e par sable.<\/p>\n<p>Le ciel sera peu nuageux \u00e0 nuageux avec la probabilit\u00e9 de faibles pluie.<\/p>\n<p>Voici les temp\u00e9ratures minimales et maximales pr\u00e9vues pour les prochaines 48 heures :<\/p>\n<p>Bir Moghrein :&#8230;24\/39<\/p>\n<p>Zoueirate : &#8230;26\/40\u00b0<\/p>\n<p>Aoujeft : &#8230;26\/38\u00b0<\/p>\n<p>Chinguetti : &#8230;25\/36\u00b0<\/p>\n<p>Atar : &#8230; 27\/39\u00b0<\/p>\n<p>Ouadane :26\/38\u00b0<\/p>\n<p>Akjoujt :&#8230;27\/38\u00b0<\/p>\n<p>Nouadhibou :..23\/29\u00b0<\/p>\n<p>Nouakchott :26\/35\u00b0<\/p>\n<p>Boutilimitt :25\/34\u00b0<\/p>\n<p>Aleg :.. 25\/33\u00b0<\/p>\n<p>Maghtaa Lahjar :25\/32\u00b0<\/p>\n<p>Bogh\u00e9 : &#8230;25\/32\u00b0<\/p>\n<p>Rosso : &#8230;25\/31\u00b0<\/p>\n<p>Ka\u00e9di : 25\/31\u00b0<\/p>\n<p>Maghama :24\/31\u00b0<\/p>\n<p>Mbout : 25\/32\u00b0<\/p>\n<p>S\u00e9libaby :24\/31\u00b0<\/p>\n<p>Kiffa : &#8230;25\/34\u00b0<\/p>\n<p>Kankossa :24\/32\u00b0<\/p>\n<p>Bark\u00e9ol :25\/33\u00b0<\/p>\n<p>Tidjikja :25\/35\u00b0<\/p>\n<p>Tichitt :27\/37\u00b0<\/p>\n<p>A\u00efoune :25\/35\u00b0<\/p>\n<p>N\u00e9ma : 26\/36\u00b0<\/p>\n<p>Oualata :26\/36\u00b0<\/p>\n<p>La mer sera peu agit\u00e9e \u00e0 agit\u00e9e le long du littoral. La houle sera de direction Nord- Nord- Est, la hauteur des vagues variera de 1,25m \u00e0 2,5m.<\/p>\n","protected":false},"excerpt":{"rendered":"<p>La situation m\u00e9t\u00e9orologique en Mauritanie sera domin\u00e9e, au cours des prochaines 48 heures, par le passage du Front-intertropical (F.I.T) qui occupera une position au voisinage de Nouadibou et Bir-moghrein avec une bonne p\u00e9n\u00e9tration de la mousson sur l&#8217;ensemble du pays. Cette situation pourra favoriser quelques activit\u00e9s pluvio-orageuses sur le Sud, le centre, le Nord et [&hellip;]<\/p>\n","protected":false},"author":18,"featured_media":206316,"comment_status":"open","ping_status":"open","sticky":false,"template":"","format":"standard","meta":{"footnotes":""},"categories":[63918,63919,63957],"tags":[],"class_list":["post-206315","post","type-post","status-publish","format-standard","has-post-thumbnail","hentry","category-autres","category-choix-du-redacteur","category-fil-dactualite"],"_links":{"self":[{"href":"https:\/\/ami.mr\/fr\/wp-json\/wp\/v2\/posts\/206315","targetHints":{"allow":["GET"]}}],"collection":[{"href":"https:\/\/ami.mr\/fr\/wp-json\/wp\/v2\/posts"}],"about":[{"href":"https:\/\/ami.mr\/fr\/wp-json\/wp\/v2\/types\/post"}],"author":[{"embeddable":true,"href":"https:\/\/ami.mr\/fr\/wp-json\/wp\/v2\/users\/18"}],"replies":[{"embeddable":true,"href":"https:\/\/ami.mr\/fr\/wp-json\/wp\/v2\/comments?post=206315"}],"version-history":[{"count":2,"href":"https:\/\/ami.mr\/fr\/wp-json\/wp\/v2\/posts\/206315\/revisions"}],"predecessor-version":[{"id":206318,"href":"https:\/\/ami.mr\/fr\/wp-json\/wp\/v2\/posts\/206315\/revisions\/206318"}],"wp:featuredmedia":[{"embeddable":true,"href":"https:\/\/ami.mr\/fr\/wp-json\/wp\/v2\/media\/206316"}],"wp:attachment":[{"href":"https:\/\/ami.mr\/fr\/wp-json\/wp\/v2\/media?parent=206315"}],"wp:term":[{"taxonomy":"category","embeddable":true,"href":"https:\/\/ami.mr\/fr\/wp-json\/wp\/v2\/categories?post=206315"},{"taxonomy":"post_tag","embeddable":true,"href":"https:\/\/ami.mr\/fr\/wp-json\/wp\/v2\/tags?post=206315"}],"curies":[{"name":"wp","href":"https:\/\/api.w.org\/{rel}","templated":true}]}}