{"id":206296,"date":"2022-09-21T17:17:18","date_gmt":"2022-09-21T17:17:18","guid":{"rendered":"https:\/\/ami.mr\/fr\/?p=206296"},"modified":"2022-09-21T17:17:18","modified_gmt":"2022-09-21T17:17:18","slug":"le-president-de-la-republique-degypte-recoit-le-ministre-de-la-culture-et-ses-homologues-arabes","status":"publish","type":"post","link":"https:\/\/ami.mr\/fr\/archives\/206296","title":{"rendered":"Le pr\u00e9sident de la R\u00e9publique d\u2019\u00c9gypte re\u00e7oit le ministre de la culture et ses homologues arabes"},"content":{"rendered":"<div class=\"cell auto-size\">\n<div class=\"set-border bd-gray padding10 margin10 no-margin-right no-margin-left \" dir=\"ltr\">\n<p>Le ministre de la Culture, de la Jeunesse, des Sports et des Relations avec le Parlement, M. Mohamed Ould Soueidatt et ses homologues ministres arabes de l&#8217;information ont \u00e9t\u00e9 re\u00e7us en audience, mercredi au Caire, par le Pr\u00e9sident \u00e9gyptien, M. Abdel Fatah Sissi.<\/p>\n<p>Le ministre, qui prend part \u00e0 la 52\u00e8me session du conseil des ministres arabes de l&#8217;information qui se tient actuellement au Caire, a exprim\u00e9 sa joie pour cette rencontre qui exprime l&#8217;int\u00e9r\u00eat qu&#8217;accordent le peuple et le gouvernement \u00e9gyptiens au renforcement de l&#8217;action arabe commune, en particulier dans le domaine de l&#8217;information.<\/p>\n<p>Il a pr\u00e9cis\u00e9 que c&#8217;\u00e9tait l&#8217;occasion pour lui de transmettre \u00e0 M. Abdel Fatah Sissi les salutations du Pr\u00e9sident de la R\u00e9publique, Son Excellence Monsieur Mohamed Ould Cheikh El Ghazouani et ses souhaits de bonne sant\u00e9 et \u00e0 la R\u00e9publique d\u2019\u00c9gypte s\u0153ur plus de progr\u00e8s et de prosp\u00e9rit\u00e9.<\/p>\n<p>M. Mohamed Ould Soueidatt a affirm\u00e9 que la coordination commune arabe dans le domaine de l&#8217;information est devenue une n\u00e9cessit\u00e9 pour relever les d\u00e9fis auxquels font face le Monde Arabe, ajoutant qu&#8217;il est temps d&#8217;opter pour une feuille de route arabe pour faire face \u00e0 la situation actuelle.<\/p>\n<\/div>\n<\/div>\n","protected":false},"excerpt":{"rendered":"<p>Le ministre de la Culture, de la Jeunesse, des Sports et des Relations avec le Parlement, M. Mohamed Ould Soueidatt et ses homologues ministres arabes de l&#8217;information ont \u00e9t\u00e9 re\u00e7us en audience, mercredi au Caire, par le Pr\u00e9sident \u00e9gyptien, M. Abdel Fatah Sissi. Le ministre, qui prend part \u00e0 la 52\u00e8me session du conseil des [&hellip;]<\/p>\n","protected":false},"author":18,"featured_media":206297,"comment_status":"open","ping_status":"open","sticky":false,"template":"","format":"standard","meta":{"footnotes":""},"categories":[63920,63919,63957],"tags":[],"class_list":["post-206296","post","type-post","status-publish","format-standard","has-post-thumbnail","hentry","category-a-la-une","category-choix-du-redacteur","category-fil-dactualite"],"_links":{"self":[{"href":"https:\/\/ami.mr\/fr\/wp-json\/wp\/v2\/posts\/206296","targetHints":{"allow":["GET"]}}],"collection":[{"href":"https:\/\/ami.mr\/fr\/wp-json\/wp\/v2\/posts"}],"about":[{"href":"https:\/\/ami.mr\/fr\/wp-json\/wp\/v2\/types\/post"}],"author":[{"embeddable":true,"href":"https:\/\/ami.mr\/fr\/wp-json\/wp\/v2\/users\/18"}],"replies":[{"embeddable":true,"href":"https:\/\/ami.mr\/fr\/wp-json\/wp\/v2\/comments?post=206296"}],"version-history":[{"count":1,"href":"https:\/\/ami.mr\/fr\/wp-json\/wp\/v2\/posts\/206296\/revisions"}],"predecessor-version":[{"id":206298,"href":"https:\/\/ami.mr\/fr\/wp-json\/wp\/v2\/posts\/206296\/revisions\/206298"}],"wp:featuredmedia":[{"embeddable":true,"href":"https:\/\/ami.mr\/fr\/wp-json\/wp\/v2\/media\/206297"}],"wp:attachment":[{"href":"https:\/\/ami.mr\/fr\/wp-json\/wp\/v2\/media?parent=206296"}],"wp:term":[{"taxonomy":"category","embeddable":true,"href":"https:\/\/ami.mr\/fr\/wp-json\/wp\/v2\/categories?post=206296"},{"taxonomy":"post_tag","embeddable":true,"href":"https:\/\/ami.mr\/fr\/wp-json\/wp\/v2\/tags?post=206296"}],"curies":[{"name":"wp","href":"https:\/\/api.w.org\/{rel}","templated":true}]}}