{"id":206188,"date":"2022-09-20T15:34:31","date_gmt":"2022-09-20T15:34:31","guid":{"rendered":"https:\/\/ami.mr\/fr\/?p=206188"},"modified":"2022-09-20T15:34:31","modified_gmt":"2022-09-20T15:34:31","slug":"le-ministre-de-la-fonction-publique-poursuit-ses-audiences-au-caire","status":"publish","type":"post","link":"https:\/\/ami.mr\/fr\/archives\/206188","title":{"rendered":"Le ministre de la Fonction publique poursuit ses audiences au Caire"},"content":{"rendered":"<p>Le ministre de la Fonction publique et du Travail, M. Mohamed Ould Abdellahi Ould Ethmane, a tenu une r\u00e9union, en marge de la conf\u00e9rence arabe sur le travail au Caire, avec M. Vaiz Ali Lemteiri, le directeur g\u00e9n\u00e9ral de l\u2019Organisation Arabe du Travail.<\/p>\n<p>La rencontre a port\u00e9 sur les moyens de renforcer la coop\u00e9ration entre la Mauritanie et cette organisation dans les domaines de l\u2019administration du travail, de la s\u00e9curit\u00e9 sociale et de la sant\u00e9.<\/p>\n<p>A ce propos, le directeur g\u00e9n\u00e9ral de l\u2019Organisation a exprim\u00e9 la disponibilit\u00e9 de son institution \u00e0 aider la Mauritanie dans le domaine de la consolidation des capacit\u00e9s \u00e0 travers un programme de formation supervis\u00e9 par des experts de l\u2019Organisation, qui se d\u00e9roulera en Mauritanie ou au Caire, suivant le nombre des b\u00e9n\u00e9ficiaires.<\/p>\n<p>M. le ministre a, \u00e9galement, \u00e9t\u00e9 re\u00e7u par M. Hassen Shahata, ministre de la Force ouvri\u00e8re en R\u00e9publique Arabe d\u2019Egypte.<\/p>\n<p>Les entretiens entre les deux hommes a port\u00e9 sur les relations de coop\u00e9ration entre les deux pays fr\u00e8res et les moyens de les d\u00e9velopper pour couvrir tous les domaines.<\/p>\n<p>Les audiences se sont d\u00e9roul\u00e9es en pr\u00e9sence des membres de la d\u00e9l\u00e9gation d\u2019accompagnement tripartite (gouvernement, patronat et travailleurs).<\/p>\n","protected":false},"excerpt":{"rendered":"<p>Le ministre de la Fonction publique et du Travail, M. Mohamed Ould Abdellahi Ould Ethmane, a tenu une r\u00e9union, en marge de la conf\u00e9rence arabe sur le travail au Caire, avec M. Vaiz Ali Lemteiri, le directeur g\u00e9n\u00e9ral de l\u2019Organisation Arabe du Travail. La rencontre a port\u00e9 sur les moyens de renforcer la coop\u00e9ration entre [&hellip;]<\/p>\n","protected":false},"author":10,"featured_media":206189,"comment_status":"open","ping_status":"open","sticky":false,"template":"","format":"standard","meta":{"footnotes":""},"categories":[63920,63918,63919,63957,25],"tags":[63990],"class_list":["post-206188","post","type-post","status-publish","format-standard","has-post-thumbnail","hentry","category-a-la-une","category-autres","category-choix-du-redacteur","category-fil-dactualite","category-25","tag-activites-gouvernementales"],"_links":{"self":[{"href":"https:\/\/ami.mr\/fr\/wp-json\/wp\/v2\/posts\/206188","targetHints":{"allow":["GET"]}}],"collection":[{"href":"https:\/\/ami.mr\/fr\/wp-json\/wp\/v2\/posts"}],"about":[{"href":"https:\/\/ami.mr\/fr\/wp-json\/wp\/v2\/types\/post"}],"author":[{"embeddable":true,"href":"https:\/\/ami.mr\/fr\/wp-json\/wp\/v2\/users\/10"}],"replies":[{"embeddable":true,"href":"https:\/\/ami.mr\/fr\/wp-json\/wp\/v2\/comments?post=206188"}],"version-history":[{"count":1,"href":"https:\/\/ami.mr\/fr\/wp-json\/wp\/v2\/posts\/206188\/revisions"}],"predecessor-version":[{"id":206190,"href":"https:\/\/ami.mr\/fr\/wp-json\/wp\/v2\/posts\/206188\/revisions\/206190"}],"wp:featuredmedia":[{"embeddable":true,"href":"https:\/\/ami.mr\/fr\/wp-json\/wp\/v2\/media\/206189"}],"wp:attachment":[{"href":"https:\/\/ami.mr\/fr\/wp-json\/wp\/v2\/media?parent=206188"}],"wp:term":[{"taxonomy":"category","embeddable":true,"href":"https:\/\/ami.mr\/fr\/wp-json\/wp\/v2\/categories?post=206188"},{"taxonomy":"post_tag","embeddable":true,"href":"https:\/\/ami.mr\/fr\/wp-json\/wp\/v2\/tags?post=206188"}],"curies":[{"name":"wp","href":"https:\/\/api.w.org\/{rel}","templated":true}]}}