{"id":206181,"date":"2022-09-20T14:36:42","date_gmt":"2022-09-20T14:36:42","guid":{"rendered":"https:\/\/ami.mr\/fr\/?p=206181"},"modified":"2022-09-20T14:36:42","modified_gmt":"2022-09-20T14:36:42","slug":"le-ministre-de-linterieur-recoit-une-delegation-de-lunion-europeenne-2","status":"publish","type":"post","link":"https:\/\/ami.mr\/fr\/archives\/206181","title":{"rendered":"Le ministre de l\u2019Int\u00e9rieur re\u00e7oit une d\u00e9l\u00e9gation de l\u2019Union Europ\u00e9enne"},"content":{"rendered":"<div class=\"cell auto-size\">\n<div class=\"set-border bd-gray padding10 margin10 no-margin-right no-margin-left \" dir=\"ltr\">\n<p>Le ministre de l\u2019Int\u00e9rieur et de la D\u00e9centralisation, M. Mohamed Ahmed Ould Mohamed Lemine, a re\u00e7u, mardi \u00e0 Nouakchott, une d\u00e9l\u00e9gation de l\u2019Union Europ\u00e9enne conduite par M. Anne Fran\u00e7oise Paradis, chef de la section politique de la D\u00e9l\u00e9gation europ\u00e9enne et responsable de la coop\u00e9ration, au c\u00f4t\u00e9 de Mme Monica Pambianco, responsable des relations ext\u00e9rieures et M. Mustafa Ameyahid, chef de la coop\u00e9ration internationale.<\/p>\n<p>Les entretiens entre les deux parties ont port\u00e9 sur les relations de coop\u00e9ration entre la Mauritanie et l\u2019Union europ\u00e9enne et les moyens susceptibles de les d\u00e9velopper, en particulier, dans le domaine de la migration.<\/p>\n<p>L\u2019audience s\u2019est d\u00e9roul\u00e9e en pr\u00e9sence du secr\u00e9taire g\u00e9n\u00e9ral du minist\u00e8re, M. Mohamed Mahfoudh Brahim Ahmed.<\/p>\n<\/div>\n<\/div>\n","protected":false},"excerpt":{"rendered":"<p>Le ministre de l\u2019Int\u00e9rieur et de la D\u00e9centralisation, M. Mohamed Ahmed Ould Mohamed Lemine, a re\u00e7u, mardi \u00e0 Nouakchott, une d\u00e9l\u00e9gation de l\u2019Union Europ\u00e9enne conduite par M. Anne Fran\u00e7oise Paradis, chef de la section politique de la D\u00e9l\u00e9gation europ\u00e9enne et responsable de la coop\u00e9ration, au c\u00f4t\u00e9 de Mme Monica Pambianco, responsable des relations ext\u00e9rieures et [&hellip;]<\/p>\n","protected":false},"author":10,"featured_media":206182,"comment_status":"open","ping_status":"open","sticky":false,"template":"","format":"standard","meta":{"footnotes":""},"categories":[63918,63919,63957],"tags":[63990],"class_list":["post-206181","post","type-post","status-publish","format-standard","has-post-thumbnail","hentry","category-autres","category-choix-du-redacteur","category-fil-dactualite","tag-activites-gouvernementales"],"_links":{"self":[{"href":"https:\/\/ami.mr\/fr\/wp-json\/wp\/v2\/posts\/206181","targetHints":{"allow":["GET"]}}],"collection":[{"href":"https:\/\/ami.mr\/fr\/wp-json\/wp\/v2\/posts"}],"about":[{"href":"https:\/\/ami.mr\/fr\/wp-json\/wp\/v2\/types\/post"}],"author":[{"embeddable":true,"href":"https:\/\/ami.mr\/fr\/wp-json\/wp\/v2\/users\/10"}],"replies":[{"embeddable":true,"href":"https:\/\/ami.mr\/fr\/wp-json\/wp\/v2\/comments?post=206181"}],"version-history":[{"count":1,"href":"https:\/\/ami.mr\/fr\/wp-json\/wp\/v2\/posts\/206181\/revisions"}],"predecessor-version":[{"id":206183,"href":"https:\/\/ami.mr\/fr\/wp-json\/wp\/v2\/posts\/206181\/revisions\/206183"}],"wp:featuredmedia":[{"embeddable":true,"href":"https:\/\/ami.mr\/fr\/wp-json\/wp\/v2\/media\/206182"}],"wp:attachment":[{"href":"https:\/\/ami.mr\/fr\/wp-json\/wp\/v2\/media?parent=206181"}],"wp:term":[{"taxonomy":"category","embeddable":true,"href":"https:\/\/ami.mr\/fr\/wp-json\/wp\/v2\/categories?post=206181"},{"taxonomy":"post_tag","embeddable":true,"href":"https:\/\/ami.mr\/fr\/wp-json\/wp\/v2\/tags?post=206181"}],"curies":[{"name":"wp","href":"https:\/\/api.w.org\/{rel}","templated":true}]}}