{"id":206078,"date":"2022-09-19T14:04:52","date_gmt":"2022-09-19T14:04:52","guid":{"rendered":"https:\/\/ami.mr\/fr\/?p=206078"},"modified":"2022-09-19T14:04:52","modified_gmt":"2022-09-19T14:04:52","slug":"rosso-cinq-personnes-decedees-et-trois-autres-ont-ete-blessees-dans-un-accident-de-la-circulation","status":"publish","type":"post","link":"https:\/\/ami.mr\/fr\/archives\/206078","title":{"rendered":"Rosso : Cinq personnes d\u00e9c\u00e9d\u00e9es et trois autres ont \u00e9t\u00e9 bless\u00e9es dans un accident de la circulation"},"content":{"rendered":"<div class=\"cell auto-size\">\n<div class=\"set-border bd-gray padding10 margin10 no-margin-right no-margin-left \" dir=\"ltr\">\n<p>Cinq personnes sont d\u00e9c\u00e9d\u00e9es et trois autres ont \u00e9t\u00e9 bless\u00e9es, \u00e0 la suite d&#8217;un accident de la circulation survenu lundi apr\u00e8s-midi dans le village d&#8217;Echgara, dans la moughataa de Rosso au Trarza.<\/p>\n<p>Le bureau r\u00e9gional de l&#8217;Agence Mauritanienne d\u2019Information dans le Trarza, citant une source \u00e0 la gendarmerie nationale, a indiqu\u00e9 que l&#8217;accident, survenu entre un Hilux et une Mercedes 190, a \u00e9t\u00e9 caus\u00e9 par une vitesse excessive et le non-respect des proc\u00e9dures de s\u00e9curit\u00e9.<\/p>\n<p>La brigade de gendarmerie de Rosso, apr\u00e8s avoir appris l&#8217;accident, a effectu\u00e9 les interventions n\u00e9cessaires et la direction r\u00e9gionale de la sant\u00e9 a rapidement envoy\u00e9 une ambulance pour prodiguer les premiers soins et transporter les bless\u00e9s au centre m\u00e9dical de Rosso.<\/p>\n<\/div>\n<\/div>\n","protected":false},"excerpt":{"rendered":"<p>Cinq personnes sont d\u00e9c\u00e9d\u00e9es et trois autres ont \u00e9t\u00e9 bless\u00e9es, \u00e0 la suite d&#8217;un accident de la circulation survenu lundi apr\u00e8s-midi dans le village d&#8217;Echgara, dans la moughataa de Rosso au Trarza. Le bureau r\u00e9gional de l&#8217;Agence Mauritanienne d\u2019Information dans le Trarza, citant une source \u00e0 la gendarmerie nationale, a indiqu\u00e9 que l&#8217;accident, survenu entre [&hellip;]<\/p>\n","protected":false},"author":10,"featured_media":206079,"comment_status":"open","ping_status":"open","sticky":false,"template":"","format":"standard","meta":{"footnotes":""},"categories":[63918,63919,63957,8672],"tags":[],"class_list":["post-206078","post","type-post","status-publish","format-standard","has-post-thumbnail","hentry","category-autres","category-choix-du-redacteur","category-fil-dactualite","category-8672"],"_links":{"self":[{"href":"https:\/\/ami.mr\/fr\/wp-json\/wp\/v2\/posts\/206078","targetHints":{"allow":["GET"]}}],"collection":[{"href":"https:\/\/ami.mr\/fr\/wp-json\/wp\/v2\/posts"}],"about":[{"href":"https:\/\/ami.mr\/fr\/wp-json\/wp\/v2\/types\/post"}],"author":[{"embeddable":true,"href":"https:\/\/ami.mr\/fr\/wp-json\/wp\/v2\/users\/10"}],"replies":[{"embeddable":true,"href":"https:\/\/ami.mr\/fr\/wp-json\/wp\/v2\/comments?post=206078"}],"version-history":[{"count":1,"href":"https:\/\/ami.mr\/fr\/wp-json\/wp\/v2\/posts\/206078\/revisions"}],"predecessor-version":[{"id":206080,"href":"https:\/\/ami.mr\/fr\/wp-json\/wp\/v2\/posts\/206078\/revisions\/206080"}],"wp:featuredmedia":[{"embeddable":true,"href":"https:\/\/ami.mr\/fr\/wp-json\/wp\/v2\/media\/206079"}],"wp:attachment":[{"href":"https:\/\/ami.mr\/fr\/wp-json\/wp\/v2\/media?parent=206078"}],"wp:term":[{"taxonomy":"category","embeddable":true,"href":"https:\/\/ami.mr\/fr\/wp-json\/wp\/v2\/categories?post=206078"},{"taxonomy":"post_tag","embeddable":true,"href":"https:\/\/ami.mr\/fr\/wp-json\/wp\/v2\/tags?post=206078"}],"curies":[{"name":"wp","href":"https:\/\/api.w.org\/{rel}","templated":true}]}}