{"id":205998,"date":"2022-09-17T11:09:23","date_gmt":"2022-09-17T11:09:23","guid":{"rendered":"https:\/\/ami.mr\/fr\/?p=205998"},"modified":"2022-09-17T12:06:14","modified_gmt":"2022-09-17T12:06:14","slug":"notre-pays-participe-aux-travaux-de-la-48eme-session-de-la-conference-du-travail-arabe-au-caire","status":"publish","type":"post","link":"https:\/\/ami.mr\/fr\/archives\/205998","title":{"rendered":"Notre pays participe aux travaux de la 48\u00e8me session de la conf\u00e9rence du Travail arabe au Caire"},"content":{"rendered":"<p>Le ministre de la Fonction publique et du Travail, M. Mohamed Ould Abdallahi Ould Ethmane a quitt\u00e9, samedi, Nouakchott \u00e0 destination du Caire (\u00c9gypte) o\u00f9 il doit participer aux travaux de la 48\u00e8me session de la conf\u00e9rence du Travail arabe dont la tenue est pr\u00e9vue du 18 au 25 du mois courant dans la capitale \u00e9gyptienne.<\/p>\n<p>L&#8217;ordre du jour de la conf\u00e9rence comprend l&#8217;examen d&#8217;un certain nombre de dossiers, notamment la mise en \u0153uvre des conventions et recommandations li\u00e9s au travail arabe, la num\u00e9risation des activit\u00e9s de protection sociale et leur gouvernance, l&#8217;intelligence artificielle et les nouvelles m\u00e9thodes de travail, en plus de la discussion du rapport du directeur g\u00e9n\u00e9ral de l&#8217;organisation.<\/p>\n<p>Au cours de ce d\u00e9placement, le ministre est accompagn\u00e9 par une importante d\u00e9l\u00e9gation de son d\u00e9partement comprenant les directeurs g\u00e9n\u00e9raux du Travail, de la Caisse nationale de s\u00e9curit\u00e9 sociale (CNSS) et de l\u2019Office national de la m\u00e9decine du travail, en plus de repr\u00e9sentants de l\u2019Union nationale du patronat mauritanien (UNPM).<\/p>\n","protected":false},"excerpt":{"rendered":"<p>Le ministre de la Fonction publique et du Travail, M. Mohamed Ould Abdallahi Ould Ethmane a quitt\u00e9, samedi, Nouakchott \u00e0 destination du Caire (\u00c9gypte) o\u00f9 il doit participer aux travaux de la 48\u00e8me session de la conf\u00e9rence du Travail arabe dont la tenue est pr\u00e9vue du 18 au 25 du mois courant dans la capitale [&hellip;]<\/p>\n","protected":false},"author":5,"featured_media":205999,"comment_status":"open","ping_status":"open","sticky":false,"template":"","format":"standard","meta":{"footnotes":""},"categories":[63920,63919,63957],"tags":[],"class_list":["post-205998","post","type-post","status-publish","format-standard","has-post-thumbnail","hentry","category-a-la-une","category-choix-du-redacteur","category-fil-dactualite"],"_links":{"self":[{"href":"https:\/\/ami.mr\/fr\/wp-json\/wp\/v2\/posts\/205998","targetHints":{"allow":["GET"]}}],"collection":[{"href":"https:\/\/ami.mr\/fr\/wp-json\/wp\/v2\/posts"}],"about":[{"href":"https:\/\/ami.mr\/fr\/wp-json\/wp\/v2\/types\/post"}],"author":[{"embeddable":true,"href":"https:\/\/ami.mr\/fr\/wp-json\/wp\/v2\/users\/5"}],"replies":[{"embeddable":true,"href":"https:\/\/ami.mr\/fr\/wp-json\/wp\/v2\/comments?post=205998"}],"version-history":[{"count":2,"href":"https:\/\/ami.mr\/fr\/wp-json\/wp\/v2\/posts\/205998\/revisions"}],"predecessor-version":[{"id":206001,"href":"https:\/\/ami.mr\/fr\/wp-json\/wp\/v2\/posts\/205998\/revisions\/206001"}],"wp:featuredmedia":[{"embeddable":true,"href":"https:\/\/ami.mr\/fr\/wp-json\/wp\/v2\/media\/205999"}],"wp:attachment":[{"href":"https:\/\/ami.mr\/fr\/wp-json\/wp\/v2\/media?parent=205998"}],"wp:term":[{"taxonomy":"category","embeddable":true,"href":"https:\/\/ami.mr\/fr\/wp-json\/wp\/v2\/categories?post=205998"},{"taxonomy":"post_tag","embeddable":true,"href":"https:\/\/ami.mr\/fr\/wp-json\/wp\/v2\/tags?post=205998"}],"curies":[{"name":"wp","href":"https:\/\/api.w.org\/{rel}","templated":true}]}}