{"id":205822,"date":"2022-09-14T15:59:07","date_gmt":"2022-09-14T15:59:07","guid":{"rendered":"https:\/\/ami.mr\/fr\/?p=205822"},"modified":"2022-09-14T15:59:07","modified_gmt":"2022-09-14T15:59:07","slug":"le-premier-ministre-sentretient-avec-son-homologue-algerien-2","status":"publish","type":"post","link":"https:\/\/ami.mr\/fr\/archives\/205822","title":{"rendered":"Le Premier ministre s&#8217;entretient avec son homologue alg\u00e9rien"},"content":{"rendered":"<p>Le Premier ministre, M. Mohamed Bilal Messoud s&#8217;est entretenu mercredi avec son homologue alg\u00e9rien, M. A\u00efmene Benabderrahmane.<\/p>\n<p>Les entretiens ont port\u00e9 sur les domaines de coop\u00e9ration entre les deux pays et les moyens permettant de les renforcer davantage.<\/p>\n<p>L&#8217;entrevue s&#8217;est d\u00e9roul\u00e9e en pr\u00e9sence des membres des d\u00e9l\u00e9gations mauritanienne et alg\u00e9rienne.<\/p>\n","protected":false},"excerpt":{"rendered":"<p>Le Premier ministre, M. Mohamed Bilal Messoud s&#8217;est entretenu mercredi avec son homologue alg\u00e9rien, M. A\u00efmene Benabderrahmane. Les entretiens ont port\u00e9 sur les domaines de coop\u00e9ration entre les deux pays et les moyens permettant de les renforcer davantage. L&#8217;entrevue s&#8217;est d\u00e9roul\u00e9e en pr\u00e9sence des membres des d\u00e9l\u00e9gations mauritanienne et alg\u00e9rienne.<\/p>\n","protected":false},"author":5,"featured_media":205823,"comment_status":"open","ping_status":"open","sticky":false,"template":"","format":"standard","meta":{"footnotes":""},"categories":[63957,25,63928,63921,63926],"tags":[],"class_list":["post-205822","post","type-post","status-publish","format-standard","has-post-thumbnail","hentry","category-fil-dactualite","category-25","category-multimedias","category-slider-afficher","category-slider-general"],"_links":{"self":[{"href":"https:\/\/ami.mr\/fr\/wp-json\/wp\/v2\/posts\/205822","targetHints":{"allow":["GET"]}}],"collection":[{"href":"https:\/\/ami.mr\/fr\/wp-json\/wp\/v2\/posts"}],"about":[{"href":"https:\/\/ami.mr\/fr\/wp-json\/wp\/v2\/types\/post"}],"author":[{"embeddable":true,"href":"https:\/\/ami.mr\/fr\/wp-json\/wp\/v2\/users\/5"}],"replies":[{"embeddable":true,"href":"https:\/\/ami.mr\/fr\/wp-json\/wp\/v2\/comments?post=205822"}],"version-history":[{"count":1,"href":"https:\/\/ami.mr\/fr\/wp-json\/wp\/v2\/posts\/205822\/revisions"}],"predecessor-version":[{"id":205824,"href":"https:\/\/ami.mr\/fr\/wp-json\/wp\/v2\/posts\/205822\/revisions\/205824"}],"wp:featuredmedia":[{"embeddable":true,"href":"https:\/\/ami.mr\/fr\/wp-json\/wp\/v2\/media\/205823"}],"wp:attachment":[{"href":"https:\/\/ami.mr\/fr\/wp-json\/wp\/v2\/media?parent=205822"}],"wp:term":[{"taxonomy":"category","embeddable":true,"href":"https:\/\/ami.mr\/fr\/wp-json\/wp\/v2\/categories?post=205822"},{"taxonomy":"post_tag","embeddable":true,"href":"https:\/\/ami.mr\/fr\/wp-json\/wp\/v2\/tags?post=205822"}],"curies":[{"name":"wp","href":"https:\/\/api.w.org\/{rel}","templated":true}]}}