{"id":205808,"date":"2022-09-14T14:57:43","date_gmt":"2022-09-14T14:57:43","guid":{"rendered":"https:\/\/ami.mr\/fr\/?p=205808"},"modified":"2022-09-14T14:57:43","modified_gmt":"2022-09-14T14:57:43","slug":"la-presidente-de-la-region-de-nouakchott-recoit-lambassadeur-de-france","status":"publish","type":"post","link":"https:\/\/ami.mr\/fr\/archives\/205808","title":{"rendered":"La pr\u00e9sidente de la R\u00e9gion de Nouakchott re\u00e7oit l&#8217;ambassadeur de France"},"content":{"rendered":"<p>La pr\u00e9sidente de la r\u00e9gion de Nouakchott, Mme Fatimetou Mint Abel Malik a re\u00e7u en audience, mercredi \u00e0 Nouakchott, l&#8217;ambassadeur de France en Mauritanie, SEM Robert Mouli\u00e9, qui ach\u00e8ve sa mission dans notre pays.<\/p>\n<p>L&#8217;audience a port\u00e9 sur les diff\u00e9rents domaines de la coop\u00e9ration et les questions d&#8217;int\u00e9r\u00eat commun.<\/p>\n","protected":false},"excerpt":{"rendered":"<p>La pr\u00e9sidente de la r\u00e9gion de Nouakchott, Mme Fatimetou Mint Abel Malik a re\u00e7u en audience, mercredi \u00e0 Nouakchott, l&#8217;ambassadeur de France en Mauritanie, SEM Robert Mouli\u00e9, qui ach\u00e8ve sa mission dans notre pays. L&#8217;audience a port\u00e9 sur les diff\u00e9rents domaines de la coop\u00e9ration et les questions d&#8217;int\u00e9r\u00eat commun.<\/p>\n","protected":false},"author":5,"featured_media":205809,"comment_status":"open","ping_status":"open","sticky":false,"template":"","format":"standard","meta":{"footnotes":""},"categories":[63918,63919,63957],"tags":[],"class_list":["post-205808","post","type-post","status-publish","format-standard","has-post-thumbnail","hentry","category-autres","category-choix-du-redacteur","category-fil-dactualite"],"_links":{"self":[{"href":"https:\/\/ami.mr\/fr\/wp-json\/wp\/v2\/posts\/205808","targetHints":{"allow":["GET"]}}],"collection":[{"href":"https:\/\/ami.mr\/fr\/wp-json\/wp\/v2\/posts"}],"about":[{"href":"https:\/\/ami.mr\/fr\/wp-json\/wp\/v2\/types\/post"}],"author":[{"embeddable":true,"href":"https:\/\/ami.mr\/fr\/wp-json\/wp\/v2\/users\/5"}],"replies":[{"embeddable":true,"href":"https:\/\/ami.mr\/fr\/wp-json\/wp\/v2\/comments?post=205808"}],"version-history":[{"count":1,"href":"https:\/\/ami.mr\/fr\/wp-json\/wp\/v2\/posts\/205808\/revisions"}],"predecessor-version":[{"id":205811,"href":"https:\/\/ami.mr\/fr\/wp-json\/wp\/v2\/posts\/205808\/revisions\/205811"}],"wp:featuredmedia":[{"embeddable":true,"href":"https:\/\/ami.mr\/fr\/wp-json\/wp\/v2\/media\/205809"}],"wp:attachment":[{"href":"https:\/\/ami.mr\/fr\/wp-json\/wp\/v2\/media?parent=205808"}],"wp:term":[{"taxonomy":"category","embeddable":true,"href":"https:\/\/ami.mr\/fr\/wp-json\/wp\/v2\/categories?post=205808"},{"taxonomy":"post_tag","embeddable":true,"href":"https:\/\/ami.mr\/fr\/wp-json\/wp\/v2\/tags?post=205808"}],"curies":[{"name":"wp","href":"https:\/\/api.w.org\/{rel}","templated":true}]}}