{"id":205737,"date":"2022-09-13T20:48:45","date_gmt":"2022-09-13T20:48:45","guid":{"rendered":"https:\/\/ami.mr\/fr\/?p=205737"},"modified":"2022-09-13T20:48:45","modified_gmt":"2022-09-13T20:48:45","slug":"ministre-du-commerce-la-propriete-intellectuelle-joue-un-role-de-premier-plan-dans-le-developpement-economique-et-social","status":"publish","type":"post","link":"https:\/\/ami.mr\/fr\/archives\/205737","title":{"rendered":"Ministre du Commerce : La propri\u00e9t\u00e9 intellectuelle joue un r\u00f4le de premier plan dans le d\u00e9veloppement \u00e9conomique et social"},"content":{"rendered":"<div class=\"row\"><\/div>\n<div class=\"row\">\n<div class=\"cell auto-size\">\n<div class=\"set-border bd-gray padding10 margin10 no-margin-right no-margin-left \" dir=\"ltr\">\n<p>M. Lemrabott Ould Bennahi, ministre du Commerce, de l\u2019Industrie, de l\u2019Artisanat et du Tourisme, a affirm\u00e9 que la comm\u00e9moration de la Journ\u00e9e africaine de la technologie et de la propri\u00e9t\u00e9 intellectuelle sous le th\u00e8me \u00ab Propri\u00e9t\u00e9 intellectuelle : levier de l\u2019industrialisation et de la diversification \u00e9conomique de l\u2019Afrique \u00bb refl\u00e8te le r\u00f4le dynamique que joue la propri\u00e9t\u00e9 intellectuelle dans le d\u00e9veloppement \u00e9conomique et social.<\/p>\n<p>En effet, il s\u2019agit d\u2019un m\u00e9canisme incitatif qui accorde aux auteurs des inventions le privil\u00e8ge exclusif d\u2019exploiter leurs cr\u00e9ations pendant une p\u00e9riode donn\u00e9e en \u00e9change de connaissances pertinentes dont ils dotent la soci\u00e9t\u00e9.<\/p>\n<p>Le ministre a ajout\u00e9, dans un mot \u00e0 l\u2019occasion de la comm\u00e9moration de la Journ\u00e9e africaine de la technologie et de la propri\u00e9t\u00e9 intellectuelle, qui co\u00efncide avec le 13 septembre de chaque ann\u00e9e, que le syst\u00e8me de propri\u00e9t\u00e9 intellectuelle am\u00e9liore la comp\u00e9titivit\u00e9 des entreprises. Il leur permet d\u2019obtenir des quotas plus \u00e9lev\u00e9s sur les march\u00e9s internationaux et encourage la cr\u00e9ativit\u00e9, les activit\u00e9s innovantes et le transfert de technologie.<\/p>\n<p>La comm\u00e9moration de la Journ\u00e9e, poursuit- il, avec tout ce que cela signifie, est ax\u00e9e sur la science, le savoir, le d\u00e9veloppement technologique et l\u2019attachement au travail laborieux pour le d\u00e9veloppement et la prosp\u00e9rit\u00e9, un axe au c\u0153ur des orientations de Son Excellence le Pr\u00e9sident de la R\u00e9publique, M. Mohamed Ould Cheikh El Ghazouani.<\/p>\n<p>Ces orientations exprim\u00e9es dans son programme \u00e9lectoral sont mises en \u0153uvre par le gouvernement qui s\u2019attelle \u00e0 acc\u00e9l\u00e9rer la croissance et atteindre les objectifs de d\u00e9veloppement. Pour cela, il s\u2019applique \u00e0 promouvoir des activit\u00e9s exploitant au mieux les raccourcis qu&#8217;offrent la technologie, l\u2019invention et l\u2019innovation, qui favorisent la cr\u00e9ation d\u2019emplois sp\u00e9ciaux pour les jeunes et contribuent \u00e0 la lutte contre la pauvret\u00e9.<\/p>\n<\/div>\n<\/div>\n<\/div>\n","protected":false},"excerpt":{"rendered":"<p>M. Lemrabott Ould Bennahi, ministre du Commerce, de l\u2019Industrie, de l\u2019Artisanat et du Tourisme, a affirm\u00e9 que la comm\u00e9moration de la Journ\u00e9e africaine de la technologie et de la propri\u00e9t\u00e9 intellectuelle sous le th\u00e8me \u00ab Propri\u00e9t\u00e9 intellectuelle : levier de l\u2019industrialisation et de la diversification \u00e9conomique de l\u2019Afrique \u00bb refl\u00e8te le r\u00f4le dynamique que joue [&hellip;]<\/p>\n","protected":false},"author":8,"featured_media":205738,"comment_status":"open","ping_status":"open","sticky":false,"template":"","format":"standard","meta":{"footnotes":""},"categories":[63918,63919,63957],"tags":[],"class_list":["post-205737","post","type-post","status-publish","format-standard","has-post-thumbnail","hentry","category-autres","category-choix-du-redacteur","category-fil-dactualite"],"_links":{"self":[{"href":"https:\/\/ami.mr\/fr\/wp-json\/wp\/v2\/posts\/205737","targetHints":{"allow":["GET"]}}],"collection":[{"href":"https:\/\/ami.mr\/fr\/wp-json\/wp\/v2\/posts"}],"about":[{"href":"https:\/\/ami.mr\/fr\/wp-json\/wp\/v2\/types\/post"}],"author":[{"embeddable":true,"href":"https:\/\/ami.mr\/fr\/wp-json\/wp\/v2\/users\/8"}],"replies":[{"embeddable":true,"href":"https:\/\/ami.mr\/fr\/wp-json\/wp\/v2\/comments?post=205737"}],"version-history":[{"count":1,"href":"https:\/\/ami.mr\/fr\/wp-json\/wp\/v2\/posts\/205737\/revisions"}],"predecessor-version":[{"id":205739,"href":"https:\/\/ami.mr\/fr\/wp-json\/wp\/v2\/posts\/205737\/revisions\/205739"}],"wp:featuredmedia":[{"embeddable":true,"href":"https:\/\/ami.mr\/fr\/wp-json\/wp\/v2\/media\/205738"}],"wp:attachment":[{"href":"https:\/\/ami.mr\/fr\/wp-json\/wp\/v2\/media?parent=205737"}],"wp:term":[{"taxonomy":"category","embeddable":true,"href":"https:\/\/ami.mr\/fr\/wp-json\/wp\/v2\/categories?post=205737"},{"taxonomy":"post_tag","embeddable":true,"href":"https:\/\/ami.mr\/fr\/wp-json\/wp\/v2\/tags?post=205737"}],"curies":[{"name":"wp","href":"https:\/\/api.w.org\/{rel}","templated":true}]}}