{"id":205713,"date":"2022-09-13T15:33:58","date_gmt":"2022-09-13T15:33:58","guid":{"rendered":"https:\/\/ami.mr\/fr\/?p=205713"},"modified":"2022-09-13T15:33:58","modified_gmt":"2022-09-13T15:33:58","slug":"un-groupement-dinteret-economique-lance-ses-activites-au-hodh-el-gharbi","status":"publish","type":"post","link":"https:\/\/ami.mr\/fr\/archives\/205713","title":{"rendered":"Un groupement d\u2019int\u00e9r\u00eat \u00e9conomique lance ses activit\u00e9s au Hodh El Gharbi"},"content":{"rendered":"<p>Le Groupement d\u2019int\u00e9r\u00eat \u00e9conomique pour l\u2019agriculture et le d\u00e9veloppement au Hodh El Gharbi a d\u00e9marr\u00e9, mardi \u00e0 Aioun, ses activit\u00e9s pour l\u2019autosuffisance alimentaire locale.<\/p>\n<p>Les objectifs du Groupement, cr\u00e9e en avril 2022 sur initiative des cadres issus de la Wilaya, se r\u00e9sument en l\u2019autosuffisance en mati\u00e8re de l\u00e9gumes, des c\u00e9r\u00e9ales et de plantes fruiti\u00e8res.<\/p>\n<p>Le Groupement, qui est le 1er en son genre dans la Wilaya, comprend 125 adh\u00e9rents et un conseil d\u2019administration form\u00e9 de 20 membres charg\u00e9s de la gestion des projets.<\/p>\n<p>Le pr\u00e9sident du conseil d\u2019administration du projet, M. Mohamed Vall Ould Brahim a indiqu\u00e9 que le Groupement est heureux du lancement de ses activit\u00e9s sur le terrain \u00e0 travers l\u2019inauguration d\u2019un grand projet agricole dont la r\u00e9colte en l\u00e9gumes et fruits couvrira les besoins \u00bc des habitants de la Wilaya, avant d\u2019exporter le surplus vers les diff\u00e9rentes r\u00e9gions du pays.<\/p>\n<p>A son tour, le vice \u2013 pr\u00e9sident de la r\u00e9gion du Hodh El Gharbi, M. Mohamed Ould Heimdatt, a lou\u00e9 cette initiative qui d\u00e9note de l\u2019importance qu\u2019accordent les cadres de la Wilaya \u00e0 l\u2019application des instructions du Pr\u00e9sident de la R\u00e9publique appelant les populations \u00e0 s\u2019adonner \u00e0 l\u2019agriculture dans ses deux composantes, irrigu\u00e9e et sous pluie.<\/p>\n<p>De son c\u00f4t\u00e9, le maire de la commune d\u2019Aioun, Djie Ould Eddi, a souhait\u00e9 la bienvenue au public pr\u00e9sent, le remerciant d\u2019avoir choisi la ville d\u2019Aioun pour abriter ce grand projet agricole qui aura des r\u00e9percussions positives sur la population.<\/p>\n<p>La c\u00e9r\u00e9monie s\u2019est d\u00e9roul\u00e9e en pr\u00e9sence de nombreux actionnaires au projet, d\u2019un grand public int\u00e9ress\u00e9 par l\u2019agriculture, au c\u00f4t\u00e9 de plusieurs cadres de la Wilaya.<\/p>\n","protected":false},"excerpt":{"rendered":"<p>Le Groupement d\u2019int\u00e9r\u00eat \u00e9conomique pour l\u2019agriculture et le d\u00e9veloppement au Hodh El Gharbi a d\u00e9marr\u00e9, mardi \u00e0 Aioun, ses activit\u00e9s pour l\u2019autosuffisance alimentaire locale. Les objectifs du Groupement, cr\u00e9e en avril 2022 sur initiative des cadres issus de la Wilaya, se r\u00e9sument en l\u2019autosuffisance en mati\u00e8re de l\u00e9gumes, des c\u00e9r\u00e9ales et de plantes fruiti\u00e8res. Le [&hellip;]<\/p>\n","protected":false},"author":5,"featured_media":205714,"comment_status":"open","ping_status":"open","sticky":false,"template":"","format":"standard","meta":{"footnotes":""},"categories":[63919,63957,8672],"tags":[],"class_list":["post-205713","post","type-post","status-publish","format-standard","has-post-thumbnail","hentry","category-choix-du-redacteur","category-fil-dactualite","category-8672"],"_links":{"self":[{"href":"https:\/\/ami.mr\/fr\/wp-json\/wp\/v2\/posts\/205713","targetHints":{"allow":["GET"]}}],"collection":[{"href":"https:\/\/ami.mr\/fr\/wp-json\/wp\/v2\/posts"}],"about":[{"href":"https:\/\/ami.mr\/fr\/wp-json\/wp\/v2\/types\/post"}],"author":[{"embeddable":true,"href":"https:\/\/ami.mr\/fr\/wp-json\/wp\/v2\/users\/5"}],"replies":[{"embeddable":true,"href":"https:\/\/ami.mr\/fr\/wp-json\/wp\/v2\/comments?post=205713"}],"version-history":[{"count":1,"href":"https:\/\/ami.mr\/fr\/wp-json\/wp\/v2\/posts\/205713\/revisions"}],"predecessor-version":[{"id":205715,"href":"https:\/\/ami.mr\/fr\/wp-json\/wp\/v2\/posts\/205713\/revisions\/205715"}],"wp:featuredmedia":[{"embeddable":true,"href":"https:\/\/ami.mr\/fr\/wp-json\/wp\/v2\/media\/205714"}],"wp:attachment":[{"href":"https:\/\/ami.mr\/fr\/wp-json\/wp\/v2\/media?parent=205713"}],"wp:term":[{"taxonomy":"category","embeddable":true,"href":"https:\/\/ami.mr\/fr\/wp-json\/wp\/v2\/categories?post=205713"},{"taxonomy":"post_tag","embeddable":true,"href":"https:\/\/ami.mr\/fr\/wp-json\/wp\/v2\/tags?post=205713"}],"curies":[{"name":"wp","href":"https:\/\/api.w.org\/{rel}","templated":true}]}}