{"id":205688,"date":"2022-09-13T11:01:00","date_gmt":"2022-09-13T11:01:00","guid":{"rendered":"https:\/\/ami.mr\/fr\/?p=205688"},"modified":"2022-09-13T11:01:00","modified_gmt":"2022-09-13T11:01:00","slug":"la-ministre-de-lenvironnement-recoit-lambassadeur-de-france","status":"publish","type":"post","link":"https:\/\/ami.mr\/fr\/archives\/205688","title":{"rendered":"La ministre de l&#8217;Environnement re\u00e7oit l&#8217;ambassadeur de France"},"content":{"rendered":"<p>La Ministre de l\u2019Environnement et du D\u00e9veloppement durable Mme Lalya Kamara a re\u00e7u en audience, hier lundi \u00e0 Nouakchott, l\u2019Ambassadeur de France en Mauritanie, SE M. Robert Mouli\u00e9 qui ach\u00e8ve sa mission dans notre pays.<\/p>\n<p>La rencontre a port\u00e9 sur les axes de coop\u00e9ration entre les deux pays dans les domaines de l\u2019environnement et du d\u00e9veloppement durable ainsi que les moyens \u00e0 mettre en \u0153uvre pour les renforcer davantage.<\/p>\n<p>Les \u00e9changes ont notamment port\u00e9 sur l\u2019appui de l\u2019Agence Fran\u00e7aise de D\u00e9veloppement au renforcement de l\u2019initiative de la Grande Muraille verte.<\/p>\n<p>Le diplomate fran\u00e7ais a fait le point de l\u2019\u00e9tat d\u2019avancement du programme d\u2019appui \u00e0 l\u2019agence nationale de la Grande Muraille Verte int\u00e9grant le renforcement technique et institutionnel, le d\u00e9veloppement de projets dans les domaines de l\u2019agriculture, de l\u2019\u00e9levage et de la gestion des ressources naturelles ainsi que la valorisation et la structuration des fili\u00e8res socio-\u00e9conomiques associ\u00e9es.<\/p>\n<p>L\u2019audience s\u2019est d\u00e9roul\u00e9e en pr\u00e9sence de Mme Sadia Demarquez, conseill\u00e8re technique au minist\u00e8re de l\u2019Environnement et du D\u00e9veloppement durable.<\/p>\n","protected":false},"excerpt":{"rendered":"<p>La Ministre de l\u2019Environnement et du D\u00e9veloppement durable Mme Lalya Kamara a re\u00e7u en audience, hier lundi \u00e0 Nouakchott, l\u2019Ambassadeur de France en Mauritanie, SE M. Robert Mouli\u00e9 qui ach\u00e8ve sa mission dans notre pays. La rencontre a port\u00e9 sur les axes de coop\u00e9ration entre les deux pays dans les domaines de l\u2019environnement et du [&hellip;]<\/p>\n","protected":false},"author":5,"featured_media":205689,"comment_status":"open","ping_status":"open","sticky":false,"template":"","format":"standard","meta":{"footnotes":""},"categories":[63920,63919,63957],"tags":[],"class_list":["post-205688","post","type-post","status-publish","format-standard","has-post-thumbnail","hentry","category-a-la-une","category-choix-du-redacteur","category-fil-dactualite"],"_links":{"self":[{"href":"https:\/\/ami.mr\/fr\/wp-json\/wp\/v2\/posts\/205688","targetHints":{"allow":["GET"]}}],"collection":[{"href":"https:\/\/ami.mr\/fr\/wp-json\/wp\/v2\/posts"}],"about":[{"href":"https:\/\/ami.mr\/fr\/wp-json\/wp\/v2\/types\/post"}],"author":[{"embeddable":true,"href":"https:\/\/ami.mr\/fr\/wp-json\/wp\/v2\/users\/5"}],"replies":[{"embeddable":true,"href":"https:\/\/ami.mr\/fr\/wp-json\/wp\/v2\/comments?post=205688"}],"version-history":[{"count":1,"href":"https:\/\/ami.mr\/fr\/wp-json\/wp\/v2\/posts\/205688\/revisions"}],"predecessor-version":[{"id":205690,"href":"https:\/\/ami.mr\/fr\/wp-json\/wp\/v2\/posts\/205688\/revisions\/205690"}],"wp:featuredmedia":[{"embeddable":true,"href":"https:\/\/ami.mr\/fr\/wp-json\/wp\/v2\/media\/205689"}],"wp:attachment":[{"href":"https:\/\/ami.mr\/fr\/wp-json\/wp\/v2\/media?parent=205688"}],"wp:term":[{"taxonomy":"category","embeddable":true,"href":"https:\/\/ami.mr\/fr\/wp-json\/wp\/v2\/categories?post=205688"},{"taxonomy":"post_tag","embeddable":true,"href":"https:\/\/ami.mr\/fr\/wp-json\/wp\/v2\/tags?post=205688"}],"curies":[{"name":"wp","href":"https:\/\/api.w.org\/{rel}","templated":true}]}}