{"id":205363,"date":"2022-09-07T22:28:02","date_gmt":"2022-09-07T22:28:02","guid":{"rendered":"https:\/\/ami.mr\/fr\/?p=205363"},"modified":"2022-09-07T22:28:02","modified_gmt":"2022-09-07T22:28:02","slug":"le-ministre-des-affaires-islamiques-recoit-le-directeur-regional-de-lusaid","status":"publish","type":"post","link":"https:\/\/ami.mr\/fr\/archives\/205363","title":{"rendered":"Le ministre des Affaires islamiques re\u00e7oit le directeur r\u00e9gional de l\u2019USAID"},"content":{"rendered":"<div class=\"row\"><\/div>\n<div class=\"row\">\n<div class=\"cell auto-size\">\n<div class=\"set-border bd-gray padding10 margin10 no-margin-right no-margin-left \" dir=\"ltr\">\n<p>M. Dah Ould Sidi Ould Amar Taleb, ministre des Affaires islamiques et de l\u2019Enseignement originel, a re\u00e7u mercredi soir en audience \u00e0 son bureau \u00e0 Nouakchott, le directeur r\u00e9gional de l\u2019Agence des \u00c9tats-Unis pour le d\u00e9veloppement international (USAID), M. Peter Trenchard.<\/p>\n<p>Au cours de l\u2019entrevue, les deux parties ont pass\u00e9 en revue les domaines de coop\u00e9ration entre notre pays et cet organisme, en particulier dans les domaines d\u2019intervention du minist\u00e8re.<\/p>\n<p>L\u2019audience s\u2019est d\u00e9roul\u00e9e en pr\u00e9sence du secr\u00e9taire g\u00e9n\u00e9ral du minist\u00e8re, M. Beitoullah Ould Ahmed Lessouad.<\/p>\n<\/div>\n<\/div>\n<\/div>\n","protected":false},"excerpt":{"rendered":"<p>M. Dah Ould Sidi Ould Amar Taleb, ministre des Affaires islamiques et de l\u2019Enseignement originel, a re\u00e7u mercredi soir en audience \u00e0 son bureau \u00e0 Nouakchott, le directeur r\u00e9gional de l\u2019Agence des \u00c9tats-Unis pour le d\u00e9veloppement international (USAID), M. Peter Trenchard. Au cours de l\u2019entrevue, les deux parties ont pass\u00e9 en revue les domaines de [&hellip;]<\/p>\n","protected":false},"author":8,"featured_media":205364,"comment_status":"open","ping_status":"open","sticky":false,"template":"","format":"standard","meta":{"footnotes":""},"categories":[63919,104,63957,63924],"tags":[],"class_list":["post-205363","post","type-post","status-publish","format-standard","has-post-thumbnail","hentry","category-choix-du-redacteur","category-104","category-fil-dactualite","category-slider-culture"],"_links":{"self":[{"href":"https:\/\/ami.mr\/fr\/wp-json\/wp\/v2\/posts\/205363","targetHints":{"allow":["GET"]}}],"collection":[{"href":"https:\/\/ami.mr\/fr\/wp-json\/wp\/v2\/posts"}],"about":[{"href":"https:\/\/ami.mr\/fr\/wp-json\/wp\/v2\/types\/post"}],"author":[{"embeddable":true,"href":"https:\/\/ami.mr\/fr\/wp-json\/wp\/v2\/users\/8"}],"replies":[{"embeddable":true,"href":"https:\/\/ami.mr\/fr\/wp-json\/wp\/v2\/comments?post=205363"}],"version-history":[{"count":1,"href":"https:\/\/ami.mr\/fr\/wp-json\/wp\/v2\/posts\/205363\/revisions"}],"predecessor-version":[{"id":205365,"href":"https:\/\/ami.mr\/fr\/wp-json\/wp\/v2\/posts\/205363\/revisions\/205365"}],"wp:featuredmedia":[{"embeddable":true,"href":"https:\/\/ami.mr\/fr\/wp-json\/wp\/v2\/media\/205364"}],"wp:attachment":[{"href":"https:\/\/ami.mr\/fr\/wp-json\/wp\/v2\/media?parent=205363"}],"wp:term":[{"taxonomy":"category","embeddable":true,"href":"https:\/\/ami.mr\/fr\/wp-json\/wp\/v2\/categories?post=205363"},{"taxonomy":"post_tag","embeddable":true,"href":"https:\/\/ami.mr\/fr\/wp-json\/wp\/v2\/tags?post=205363"}],"curies":[{"name":"wp","href":"https:\/\/api.w.org\/{rel}","templated":true}]}}