{"id":205057,"date":"2022-09-03T11:19:44","date_gmt":"2022-09-03T11:19:44","guid":{"rendered":"https:\/\/ami.mr\/fr\/?p=205057"},"modified":"2022-09-03T11:19:44","modified_gmt":"2022-09-03T11:19:44","slug":"le-ministre-du-petrole-regagne-nouakchott-en-provenance-du-senegal","status":"publish","type":"post","link":"https:\/\/ami.mr\/fr\/archives\/205057","title":{"rendered":"Le ministre du P\u00e9trole regagne Nouakchott en provenance du S\u00e9n\u00e9gal"},"content":{"rendered":"<p>Le ministre du P\u00e9trole, des Mines et de l\u2019\u00c9nergie, M. Abessalam Ould Mohamed Salah, a regagn\u00e9, vendredi soir, Nouakchott, en provenance du S\u00e9n\u00e9gal.<\/p>\n<p>Le ministre avait pris part \u00e0 des r\u00e9unions de travail en marge de la conf\u00e9rence internationale du P\u00e9trole et du Gaz du bassin s\u00e9dimentaire (Gambie, Guin\u00e9e-Bissau, Guin\u00e9e, Mauritanie et S\u00e9n\u00e9gal) qui s\u2019est tenue les 1er et 2 septembre courant \u00e0 Dakar.<\/p>\n<p>Au cours de ce d\u00e9placement, le ministre \u00e9tait accompagn\u00e9 par une importante d\u00e9l\u00e9gation de son d\u00e9partement.<\/p>\n","protected":false},"excerpt":{"rendered":"<p>Le ministre du P\u00e9trole, des Mines et de l\u2019\u00c9nergie, M. Abessalam Ould Mohamed Salah, a regagn\u00e9, vendredi soir, Nouakchott, en provenance du S\u00e9n\u00e9gal. Le ministre avait pris part \u00e0 des r\u00e9unions de travail en marge de la conf\u00e9rence internationale du P\u00e9trole et du Gaz du bassin s\u00e9dimentaire (Gambie, Guin\u00e9e-Bissau, Guin\u00e9e, Mauritanie et S\u00e9n\u00e9gal) qui s\u2019est [&hellip;]<\/p>\n","protected":false},"author":5,"featured_media":205058,"comment_status":"open","ping_status":"open","sticky":false,"template":"","format":"standard","meta":{"footnotes":""},"categories":[63918,63957,25,63926],"tags":[],"class_list":["post-205057","post","type-post","status-publish","format-standard","has-post-thumbnail","hentry","category-autres","category-fil-dactualite","category-25","category-slider-general"],"_links":{"self":[{"href":"https:\/\/ami.mr\/fr\/wp-json\/wp\/v2\/posts\/205057","targetHints":{"allow":["GET"]}}],"collection":[{"href":"https:\/\/ami.mr\/fr\/wp-json\/wp\/v2\/posts"}],"about":[{"href":"https:\/\/ami.mr\/fr\/wp-json\/wp\/v2\/types\/post"}],"author":[{"embeddable":true,"href":"https:\/\/ami.mr\/fr\/wp-json\/wp\/v2\/users\/5"}],"replies":[{"embeddable":true,"href":"https:\/\/ami.mr\/fr\/wp-json\/wp\/v2\/comments?post=205057"}],"version-history":[{"count":1,"href":"https:\/\/ami.mr\/fr\/wp-json\/wp\/v2\/posts\/205057\/revisions"}],"predecessor-version":[{"id":205059,"href":"https:\/\/ami.mr\/fr\/wp-json\/wp\/v2\/posts\/205057\/revisions\/205059"}],"wp:featuredmedia":[{"embeddable":true,"href":"https:\/\/ami.mr\/fr\/wp-json\/wp\/v2\/media\/205058"}],"wp:attachment":[{"href":"https:\/\/ami.mr\/fr\/wp-json\/wp\/v2\/media?parent=205057"}],"wp:term":[{"taxonomy":"category","embeddable":true,"href":"https:\/\/ami.mr\/fr\/wp-json\/wp\/v2\/categories?post=205057"},{"taxonomy":"post_tag","embeddable":true,"href":"https:\/\/ami.mr\/fr\/wp-json\/wp\/v2\/tags?post=205057"}],"curies":[{"name":"wp","href":"https:\/\/api.w.org\/{rel}","templated":true}]}}