{"id":205036,"date":"2022-09-02T20:49:22","date_gmt":"2022-09-02T20:49:22","guid":{"rendered":"https:\/\/ami.mr\/fr\/?p=205036"},"modified":"2022-09-05T10:35:58","modified_gmt":"2022-09-05T10:35:58","slug":"le-ministre-de-la-transition-numerique-recoit-une-delegation-du-japon","status":"publish","type":"post","link":"https:\/\/ami.mr\/fr\/archives\/205036","title":{"rendered":"Le ministre de la Transition num\u00e9rique re\u00e7oit une d\u00e9l\u00e9gation du Japon"},"content":{"rendered":"<div class=\"cell auto-size\">\n<div class=\"set-border bd-gray padding10 margin10 no-margin-right no-margin-left \" dir=\"ltr\">\n<p>\u00a0Le ministre de la Transition Num\u00e9rique, de l\u2019Innovation et de la Modernisation de l\u2019Administration, Mr Cheikh El K\u00e9bir Moulaye Taher, a re\u00e7u en audience vendredi dans son bureau, SEM. Masahiro Fujikawa, charg\u00e9 d\u2019Affaires \u00e0 l&#8217;ambassade du Japon en Mauritanie accompagn\u00e9 d\u2019une d\u00e9l\u00e9gation compos\u00e9e de M. Osamu Onodera, directeur g\u00e9n\u00e9ral du bureau des Affaires Internationales et Strat\u00e9gies Globales au minist\u00e8re des Affaires Int\u00e9rieures et de la Communication japonais, de M. Noriyuki Sato, directeur adjoint de la Division des Strat\u00e9gies globales, de M. Jiro Nagano, directeur du Bureau de normalisation au D\u00e9partement de planification de la recherche et du d\u00e9veloppement et de M. Memiko Otsuki, du Bureau des affaires tarifaires et r\u00e9glementaires du spectre.<\/p>\n<p>Les entretiens ont port\u00e9 sur divers domaines de coop\u00e9ration fructueuse entre la Mauritanie et le Japon et les moyens de la renforcer pour r\u00e9pondre aux aspirations des deux peuples amis, ainsi que sur des questions d\u2019int\u00e9r\u00eat commun.<\/p>\n<p>L\u2019audience s\u2019est d\u00e9roul\u00e9e en pr\u00e9sence de M. Mohamed Lemine Salihi, secr\u00e9taire g\u00e9n\u00e9ral par int\u00e9rim et de M. Mohamed Ahmed Abderrahmane, charg\u00e9 de mission au sein du minist\u00e8re.<\/p>\n<\/div>\n<\/div>\n","protected":false},"excerpt":{"rendered":"<p>\u00a0Le ministre de la Transition Num\u00e9rique, de l\u2019Innovation et de la Modernisation de l\u2019Administration, Mr Cheikh El K\u00e9bir Moulaye Taher, a re\u00e7u en audience vendredi dans son bureau, SEM. Masahiro Fujikawa, charg\u00e9 d\u2019Affaires \u00e0 l&#8217;ambassade du Japon en Mauritanie accompagn\u00e9 d\u2019une d\u00e9l\u00e9gation compos\u00e9e de M. Osamu Onodera, directeur g\u00e9n\u00e9ral du bureau des Affaires Internationales et [&hellip;]<\/p>\n","protected":false},"author":13,"featured_media":205130,"comment_status":"open","ping_status":"open","sticky":false,"template":"","format":"standard","meta":{"footnotes":""},"categories":[63920,63919,63957,63927],"tags":[63990],"class_list":["post-205036","post","type-post","status-publish","format-standard","has-post-thumbnail","hentry","category-a-la-une","category-choix-du-redacteur","category-fil-dactualite","category-slider-mauritanie","tag-activites-gouvernementales"],"_links":{"self":[{"href":"https:\/\/ami.mr\/fr\/wp-json\/wp\/v2\/posts\/205036","targetHints":{"allow":["GET"]}}],"collection":[{"href":"https:\/\/ami.mr\/fr\/wp-json\/wp\/v2\/posts"}],"about":[{"href":"https:\/\/ami.mr\/fr\/wp-json\/wp\/v2\/types\/post"}],"author":[{"embeddable":true,"href":"https:\/\/ami.mr\/fr\/wp-json\/wp\/v2\/users\/13"}],"replies":[{"embeddable":true,"href":"https:\/\/ami.mr\/fr\/wp-json\/wp\/v2\/comments?post=205036"}],"version-history":[{"count":2,"href":"https:\/\/ami.mr\/fr\/wp-json\/wp\/v2\/posts\/205036\/revisions"}],"predecessor-version":[{"id":205039,"href":"https:\/\/ami.mr\/fr\/wp-json\/wp\/v2\/posts\/205036\/revisions\/205039"}],"wp:featuredmedia":[{"embeddable":true,"href":"https:\/\/ami.mr\/fr\/wp-json\/wp\/v2\/media\/205130"}],"wp:attachment":[{"href":"https:\/\/ami.mr\/fr\/wp-json\/wp\/v2\/media?parent=205036"}],"wp:term":[{"taxonomy":"category","embeddable":true,"href":"https:\/\/ami.mr\/fr\/wp-json\/wp\/v2\/categories?post=205036"},{"taxonomy":"post_tag","embeddable":true,"href":"https:\/\/ami.mr\/fr\/wp-json\/wp\/v2\/tags?post=205036"}],"curies":[{"name":"wp","href":"https:\/\/api.w.org\/{rel}","templated":true}]}}