{"id":205032,"date":"2022-09-02T20:33:42","date_gmt":"2022-09-02T20:33:42","guid":{"rendered":"https:\/\/ami.mr\/fr\/?p=205032"},"modified":"2022-09-02T20:33:42","modified_gmt":"2022-09-02T20:33:42","slug":"a-dar-naim-le-secretaire-general-de-taazour-supervise-le-deroulement-des-transferts-de-montants-au-profit-des-menages-affectes-par-les-pluies","status":"publish","type":"post","link":"https:\/\/ami.mr\/fr\/archives\/205032","title":{"rendered":"A Dar-Naim, le secr\u00e9taire g\u00e9n\u00e9ral de Taazour supervise le d\u00e9roulement des transferts de montants au profit des m\u00e9nages affect\u00e9s par les pluies"},"content":{"rendered":"<p>Le secr\u00e9taire g\u00e9n\u00e9ral de la D\u00e9l\u00e9gation g\u00e9n\u00e9rale \u00e0 la Solidarit\u00e9 nationale et \u00e0 la Lutte contre l&#8217;Exclusion \u00abTaazour\u00bb, M. Samba Salem Mbarek, a visit\u00e9 et inspect\u00e9 le d\u00e9roulement des op\u00e9rations de transferts de montants d&#8217;urgence mises en \u0153uvre par la D\u00e9l\u00e9gation au profit de 1000 familles touch\u00e9es par des eaux pluviales dans la moughataa de Dar-Naim dans la wilaya de Nouakchott nord.<\/p>\n<p>La visite a permis au secr\u00e9taire g\u00e9n\u00e9ral et \u00e0 la d\u00e9l\u00e9gation qui l&#8217;accompagnait d&#8217;observer sur le terrain l&#8217;avancement de ce processus au niveau des \u00e9quipes du registre social situ\u00e9es dans les \u00e9coles Abdel-Wedoud, Omar Abdel-Aziz et Taher Ahmed dans la moughataa de Dar-Na\u00efm.<\/p>\n<p>Dans un communiqu\u00e9 de circonstance, le secr\u00e9taire g\u00e9n\u00e9ral a indiqu\u00e9 que sa visite intervenait sur instruction du D\u00e9l\u00e9gu\u00e9 g\u00e9n\u00e9ral \u00e0 la Solidarit\u00e9 nationale et \u00e0 la Lutte contre les Exclusions pour suivre de pr\u00e8s l&#8217;\u00e9volution de ces interventions sociales visant \u00e0 aider les citoyens dans cette circonstance particuli\u00e8re due aux r\u00e9centes pluies.<\/p>\n<p>Il a ajout\u00e9 que le processus se d\u00e9roule selon un programme adopt\u00e9 par la d\u00e9l\u00e9gation en coop\u00e9ration avec les autorit\u00e9s administratives locales et municipales au niveau de la moughataa, et concr\u00e9tisation des instructions des hautes autorit\u00e9s du pays visant \u00e0 rapprocher le service public des citoyens, notamment des franges vuln\u00e9rables.<\/p>\n<p>Le secr\u00e9taire g\u00e9n\u00e9ral de \u00abTaazour\u00bb \u00e9tait accompagn\u00e9, lors de cette visite, du wali de Nouakchott Nord, du hakem de la moughataa de Dar-Naim, du maire de sa commune, des coordonnateurs des programmes Baraka, Dari et Temouine, du directeur des Finances et de la Comptabilit\u00e9, en plus des autorit\u00e9s de s\u00e9curit\u00e9 de la moughataa.<\/p>\n","protected":false},"excerpt":{"rendered":"<p>Le secr\u00e9taire g\u00e9n\u00e9ral de la D\u00e9l\u00e9gation g\u00e9n\u00e9rale \u00e0 la Solidarit\u00e9 nationale et \u00e0 la Lutte contre l&#8217;Exclusion \u00abTaazour\u00bb, M. Samba Salem Mbarek, a visit\u00e9 et inspect\u00e9 le d\u00e9roulement des op\u00e9rations de transferts de montants d&#8217;urgence mises en \u0153uvre par la D\u00e9l\u00e9gation au profit de 1000 familles touch\u00e9es par des eaux pluviales dans la moughataa de [&hellip;]<\/p>\n","protected":false},"author":13,"featured_media":205033,"comment_status":"open","ping_status":"open","sticky":false,"template":"","format":"standard","meta":{"footnotes":""},"categories":[63918,63919,63957,63924],"tags":[],"class_list":["post-205032","post","type-post","status-publish","format-standard","has-post-thumbnail","hentry","category-autres","category-choix-du-redacteur","category-fil-dactualite","category-slider-culture"],"_links":{"self":[{"href":"https:\/\/ami.mr\/fr\/wp-json\/wp\/v2\/posts\/205032","targetHints":{"allow":["GET"]}}],"collection":[{"href":"https:\/\/ami.mr\/fr\/wp-json\/wp\/v2\/posts"}],"about":[{"href":"https:\/\/ami.mr\/fr\/wp-json\/wp\/v2\/types\/post"}],"author":[{"embeddable":true,"href":"https:\/\/ami.mr\/fr\/wp-json\/wp\/v2\/users\/13"}],"replies":[{"embeddable":true,"href":"https:\/\/ami.mr\/fr\/wp-json\/wp\/v2\/comments?post=205032"}],"version-history":[{"count":1,"href":"https:\/\/ami.mr\/fr\/wp-json\/wp\/v2\/posts\/205032\/revisions"}],"predecessor-version":[{"id":205034,"href":"https:\/\/ami.mr\/fr\/wp-json\/wp\/v2\/posts\/205032\/revisions\/205034"}],"wp:featuredmedia":[{"embeddable":true,"href":"https:\/\/ami.mr\/fr\/wp-json\/wp\/v2\/media\/205033"}],"wp:attachment":[{"href":"https:\/\/ami.mr\/fr\/wp-json\/wp\/v2\/media?parent=205032"}],"wp:term":[{"taxonomy":"category","embeddable":true,"href":"https:\/\/ami.mr\/fr\/wp-json\/wp\/v2\/categories?post=205032"},{"taxonomy":"post_tag","embeddable":true,"href":"https:\/\/ami.mr\/fr\/wp-json\/wp\/v2\/tags?post=205032"}],"curies":[{"name":"wp","href":"https:\/\/api.w.org\/{rel}","templated":true}]}}