{"id":205029,"date":"2022-09-02T20:30:22","date_gmt":"2022-09-02T20:30:22","guid":{"rendered":"https:\/\/ami.mr\/fr\/?p=205029"},"modified":"2022-09-02T20:30:22","modified_gmt":"2022-09-02T20:30:22","slug":"le-ministre-de-la-culture-supervise-la-cloture-dune-session-de-formation-aux-techniques-du-journalisme","status":"publish","type":"post","link":"https:\/\/ami.mr\/fr\/archives\/205029","title":{"rendered":"Le ministre de la culture supervise la cl\u00f4ture d&#8217;une session de formation aux techniques du journalisme"},"content":{"rendered":"<p>Le ministre de la Culture, de la Jeunesse, des Sports et des Relations avec le Parlement, M. Khattar Ould Cheibani, a supervis\u00e9 vendredi \u00e0 l\u2019\u00c9cole Nationale d&#8217;Administration, de Journalisme et de la Magistrature, la cl\u00f4ture d&#8217;un stage de formation sur les techniques du journalisme, organis\u00e9 par la Haute Autorit\u00e9 de la Presse et de l&#8217;Audiovisuel (HAPA).<\/p>\n<p>Dans son allocution pour la circonstance, le ministre a expliqu\u00e9 que cette session a permis aux participants de ma\u00eetriser les techniques de la pratique journalistique dans notre monde d&#8217;aujourd&#8217;hui, soulignant l&#8217;importance des th\u00e8mes abord\u00e9s comme &#8221;la lutte contre les fausses nouvelles&#8221;, &#8221;le journalisme d&#8217;investigation&#8221;, &#8221;les nouveaux m\u00e9dias et le journalisme&#8221;, &#8221;les valeurs de la citoyennet\u00e9&#8221;, &#8221;la l\u00e9gislation et r\u00e8gles de la profession&#8221;.<\/p>\n<p>Il a indiqu\u00e9 que ces objectifs co\u00efncident dans leur int\u00e9gralit\u00e9 avec la vision du gouvernement visant \u00e0 contr\u00f4ler et professionnaliser le champ m\u00e9diatique suivant les r\u00e8gles de la profession, son \u00e9thique et en application des engagements de Son Excellence le Pr\u00e9sident de la R\u00e9publique, M. Mohamed Ould Cheikh El Ghazouani, qui consid\u00e8re comme priorit\u00e9 l\u2019\u00e9mergence d\u2019une presse nationale sp\u00e9cialis\u00e9e et professionnelle qui pr\u00e9serve les choix politiques et consacre le respect du pluralisme m\u00e9diatique, que le gouvernement du Premier ministre M. Mohamed Ould Bilal Messoud s&#8217;emploie \u00e0 traduire sur le terrain.<\/p>\n<p>De son c\u00f4t\u00e9, le pr\u00e9sident du Fonds public de soutien \u00e0 la presse ind\u00e9pendante, M. Mokhtar Ould Mohamed, a affirm\u00e9 que cette session visait former une centaine de journalistes aux diff\u00e9rents genres journalistiques, mais la forte demande les a contraints \u00e0 en augmenter le nombre.<\/p>\n<p>Il a soulign\u00e9 que le Fonds a attribu\u00e9 des prix pour le meilleur travail journalistique publi\u00e9 dans les m\u00e9dias nationaux entre le 1er ao\u00fbt 2021 et le 31 ao\u00fbt 2022 et 51 travaux de presse ont \u00e9t\u00e9 nomin\u00e9s pour ce concours, qui comprenait les langues nationales (arabe, Pular, Soninka et Wolof) en plus de la langue fran\u00e7aise.<\/p>\n<p>Il a soulign\u00e9 que pour la premi\u00e8re fois cette ann\u00e9e, la presse r\u00e9gionale a b\u00e9n\u00e9fici\u00e9 des formations organis\u00e9es par le Fonds, apr\u00e8s avoir \u00e9t\u00e9 le monopole de la presse de la capitale.<\/p>\n<p>Pour sa part, le directeur g\u00e9n\u00e9ral de l\u2019\u00c9cole nationale d&#8217;administration, de journalisme et de la magistrature, M. Mohamed Ould Abdelkader Ould Alada, a indiqu\u00e9 que ce stage, qui a b\u00e9n\u00e9fici\u00e9 \u00e0 115 journalistes, s&#8217;est caract\u00e9ris\u00e9 par une formation dans le domaine de la langue, relevant qu&#8217;il s&#8217;inscrit dans le cadre des am\u00e9liorations approuv\u00e9es par l&#8217;\u00e9cole il y a deux ans, qui pr\u00e9voient l&#8217;int\u00e9gration des langues nationales dans l&#8217;administration et la justice.<\/p>\n<p>La c\u00e9r\u00e9monie d&#8217;ouverture s&#8217;est d\u00e9roul\u00e9e en pr\u00e9sence du pr\u00e9sident de la HAPA, Dr El Houssein Ould Meddou, et de plusieurs cadres du minist\u00e8re.<\/p>\n","protected":false},"excerpt":{"rendered":"<p>Le ministre de la Culture, de la Jeunesse, des Sports et des Relations avec le Parlement, M. Khattar Ould Cheibani, a supervis\u00e9 vendredi \u00e0 l\u2019\u00c9cole Nationale d&#8217;Administration, de Journalisme et de la Magistrature, la cl\u00f4ture d&#8217;un stage de formation sur les techniques du journalisme, organis\u00e9 par la Haute Autorit\u00e9 de la Presse et de l&#8217;Audiovisuel [&hellip;]<\/p>\n","protected":false},"author":13,"featured_media":205030,"comment_status":"open","ping_status":"open","sticky":false,"template":"","format":"standard","meta":{"footnotes":""},"categories":[63920,63919,63957,63927],"tags":[63990],"class_list":["post-205029","post","type-post","status-publish","format-standard","has-post-thumbnail","hentry","category-a-la-une","category-choix-du-redacteur","category-fil-dactualite","category-slider-mauritanie","tag-activites-gouvernementales"],"_links":{"self":[{"href":"https:\/\/ami.mr\/fr\/wp-json\/wp\/v2\/posts\/205029","targetHints":{"allow":["GET"]}}],"collection":[{"href":"https:\/\/ami.mr\/fr\/wp-json\/wp\/v2\/posts"}],"about":[{"href":"https:\/\/ami.mr\/fr\/wp-json\/wp\/v2\/types\/post"}],"author":[{"embeddable":true,"href":"https:\/\/ami.mr\/fr\/wp-json\/wp\/v2\/users\/13"}],"replies":[{"embeddable":true,"href":"https:\/\/ami.mr\/fr\/wp-json\/wp\/v2\/comments?post=205029"}],"version-history":[{"count":1,"href":"https:\/\/ami.mr\/fr\/wp-json\/wp\/v2\/posts\/205029\/revisions"}],"predecessor-version":[{"id":205031,"href":"https:\/\/ami.mr\/fr\/wp-json\/wp\/v2\/posts\/205029\/revisions\/205031"}],"wp:featuredmedia":[{"embeddable":true,"href":"https:\/\/ami.mr\/fr\/wp-json\/wp\/v2\/media\/205030"}],"wp:attachment":[{"href":"https:\/\/ami.mr\/fr\/wp-json\/wp\/v2\/media?parent=205029"}],"wp:term":[{"taxonomy":"category","embeddable":true,"href":"https:\/\/ami.mr\/fr\/wp-json\/wp\/v2\/categories?post=205029"},{"taxonomy":"post_tag","embeddable":true,"href":"https:\/\/ami.mr\/fr\/wp-json\/wp\/v2\/tags?post=205029"}],"curies":[{"name":"wp","href":"https:\/\/api.w.org\/{rel}","templated":true}]}}