{"id":205022,"date":"2022-09-02T19:13:06","date_gmt":"2022-09-02T19:13:06","guid":{"rendered":"https:\/\/ami.mr\/fr\/?p=205022"},"modified":"2022-09-02T19:13:06","modified_gmt":"2022-09-02T19:13:06","slug":"distribution-daide-alimentaire-au-profit-des-familles-victimes-des-dernieres-pluies-a-nouakchott","status":"publish","type":"post","link":"https:\/\/ami.mr\/fr\/archives\/205022","title":{"rendered":"Distribution d\u2019aide alimentaire au profit des familles victimes des derni\u00e8res pluies \u00e0 Nouakchott"},"content":{"rendered":"<div class=\"cell auto-size\">\n<div class=\"set-border bd-gray padding10 margin10 no-margin-right no-margin-left \" dir=\"ltr\">\n<p>Le commissaire adjoint \u00e0 la S\u00e9curit\u00e9 alimentaire, M. Limam Abdawa, a supervis\u00e9, vendredi, depuis l&#8217;\u00e9cole Taleb Ahmed de Dar-Naim dans la wilaya de Nouakchott nord, le lancement de la distribution de l&#8217;aide alimentaire au profit des familles affect\u00e9es par les r\u00e9centes pluies dans la ville de Nouakchott.<\/p>\n<p>Cette aide, qui b\u00e9n\u00e9ficie \u00e0 3684 familles de la wilaya de Nouakchott nord, comprend 243 tonnes de produits alimentaires de base, tels que du sucre, du riz, de l&#8217;huile de cuisine et des dattes, ainsi que de grandes quantit\u00e9s de mat\u00e9riel de nettoyage et de st\u00e9rilisation.<\/p>\n<p>Le commissaire adjoint, le wali de Nouakchott nord, le maire de la commune de Dar-Naim et les autorit\u00e9s administratives et de s\u00e9curit\u00e9 de la wilaya ont remis des bons aux b\u00e9n\u00e9ficiaires, marquant le d\u00e9but du processus de distribution de cette aide aux citoyens.<\/p>\n<p>Lors du lancement de l&#8217;op\u00e9ration, le commissaire adjoint a indiqu\u00e9 que cette intervention vient en aide aux citoyens, ajoutant que la Commission, dans le cadre de ses fonctions officielles, et gr\u00e2ce \u00e0 sa mobilisation pour pr\u00e9venir les al\u00e9as de la saison des pluies, a pu r\u00e9pondre aux besoins des citoyens dans de telles circonstances en mettant en \u0153uvre plusieurs interventions sur l&#8217;ensemble du territoire national.<\/p>\n<p>Il a indiqu\u00e9 que cette intervention au niveau de Nouakchott est consid\u00e9r\u00e9e comme la plus importante en termes de nombre de b\u00e9n\u00e9ficiaires et de quantit\u00e9 de vivres distribu\u00e9s dans le cadre des interventions li\u00e9es \u00e0 la pluie, durant la saison en cours.<\/p>\n<p>Le commissaire adjoint a ajout\u00e9 que l&#8217;aide est distribu\u00e9e sur la base d&#8217;un recensement des personnes touch\u00e9es, qui a \u00e9t\u00e9 effectu\u00e9 par les autorit\u00e9s administratives et municipales au cours des derniers jours, soulignant que cette intervention vient confirmer la position du gouvernement aupr\u00e8s des citoyens, les aidant et leur garantissant le secours en cas de besoin, en application des directives de Son Excellence le Pr\u00e9sident de la R\u00e9publique.<\/p>\n<p>A son tour, le maire de la commune de Dar -Naim, M. Momma Ould El Quotob Ould Momma, a exprim\u00e9 son appr\u00e9ciation pour cette intervention opportune, louant l&#8217;effort du gouvernement pour aider les citoyens touch\u00e9s par la pluie, en g\u00e9n\u00e9ral, et dans la commune de Dar-Naim particulier.<\/p>\n<p>Les distributions ont \u00e9t\u00e9 lanc\u00e9es en pr\u00e9sence du hakem de la moughataa de Dar-Naim, des autorit\u00e9s administratives et de s\u00e9curit\u00e9 de la wilaya de Nouakchott nord.<\/p>\n<\/div>\n<\/div>\n","protected":false},"excerpt":{"rendered":"<p>Le commissaire adjoint \u00e0 la S\u00e9curit\u00e9 alimentaire, M. Limam Abdawa, a supervis\u00e9, vendredi, depuis l&#8217;\u00e9cole Taleb Ahmed de Dar-Naim dans la wilaya de Nouakchott nord, le lancement de la distribution de l&#8217;aide alimentaire au profit des familles affect\u00e9es par les r\u00e9centes pluies dans la ville de Nouakchott. Cette aide, qui b\u00e9n\u00e9ficie \u00e0 3684 familles de [&hellip;]<\/p>\n","protected":false},"author":13,"featured_media":205023,"comment_status":"open","ping_status":"open","sticky":false,"template":"","format":"standard","meta":{"footnotes":""},"categories":[63918,63919,63957,63924],"tags":[],"class_list":["post-205022","post","type-post","status-publish","format-standard","has-post-thumbnail","hentry","category-autres","category-choix-du-redacteur","category-fil-dactualite","category-slider-culture"],"_links":{"self":[{"href":"https:\/\/ami.mr\/fr\/wp-json\/wp\/v2\/posts\/205022","targetHints":{"allow":["GET"]}}],"collection":[{"href":"https:\/\/ami.mr\/fr\/wp-json\/wp\/v2\/posts"}],"about":[{"href":"https:\/\/ami.mr\/fr\/wp-json\/wp\/v2\/types\/post"}],"author":[{"embeddable":true,"href":"https:\/\/ami.mr\/fr\/wp-json\/wp\/v2\/users\/13"}],"replies":[{"embeddable":true,"href":"https:\/\/ami.mr\/fr\/wp-json\/wp\/v2\/comments?post=205022"}],"version-history":[{"count":1,"href":"https:\/\/ami.mr\/fr\/wp-json\/wp\/v2\/posts\/205022\/revisions"}],"predecessor-version":[{"id":205024,"href":"https:\/\/ami.mr\/fr\/wp-json\/wp\/v2\/posts\/205022\/revisions\/205024"}],"wp:featuredmedia":[{"embeddable":true,"href":"https:\/\/ami.mr\/fr\/wp-json\/wp\/v2\/media\/205023"}],"wp:attachment":[{"href":"https:\/\/ami.mr\/fr\/wp-json\/wp\/v2\/media?parent=205022"}],"wp:term":[{"taxonomy":"category","embeddable":true,"href":"https:\/\/ami.mr\/fr\/wp-json\/wp\/v2\/categories?post=205022"},{"taxonomy":"post_tag","embeddable":true,"href":"https:\/\/ami.mr\/fr\/wp-json\/wp\/v2\/tags?post=205022"}],"curies":[{"name":"wp","href":"https:\/\/api.w.org\/{rel}","templated":true}]}}