{"id":205001,"date":"2022-09-02T16:48:34","date_gmt":"2022-09-02T16:48:34","guid":{"rendered":"https:\/\/ami.mr\/fr\/?p=205001"},"modified":"2022-09-02T16:48:34","modified_gmt":"2022-09-02T16:48:34","slug":"le-ministre-de-lequipement-et-des-transports-visite-la-direction-du-transport-terrestre-2","status":"publish","type":"post","link":"https:\/\/ami.mr\/fr\/archives\/205001","title":{"rendered":"Le ministre de l\u2019\u00c9quipement et des Transports visite la direction du transport terrestre"},"content":{"rendered":"<p>Le ministre de l\u2019\u00c9quipement et des Transports, M. Moktar Ould Ahmed Yedaly a visit\u00e9 vendredi la direction du transport terrestre o\u00f9 il s&#8217;est inform\u00e9 sur le fonctionnement de ses services.<\/p>\n<p>Au cours de ses diff\u00e9rents d\u00e9placements, le ministre a \u00e9cout\u00e9 des explications d\u00e9taill\u00e9es sur les diff\u00e9rentes \u00e9tapes de livraison de la carte grise qui a commenc\u00e9 ces derni\u00e8res semaines. Pour r\u00e9pondre \u00e0 la demande qui a atteint 73 mille, la direction a cr\u00e9\u00e9 une commission pour traiter les dossiers tout comme elle utilise un logiciel performant et un personnel qualifi\u00e9 pour acc\u00e9l\u00e9rer le rythme du travail.<\/p>\n<p>Au service des archives, le ministre a donn\u00e9 des instructions pour rechercher une solution d\u00e9finitive permettant de bien les conserver.<\/p>\n<p>Dans une d\u00e9claration \u00e0 l&#8217;AMI, le secr\u00e9taire g\u00e9n\u00e9ral du minist\u00e8re a indiqu\u00e9 que le d\u00e9partement a men\u00e9, en coordination avec l&#8217;agence nationale du registre des populations et des titres s\u00e9curis\u00e9s, une action qui va permettre de livrer la carte grise en 5 jours apr\u00e8s la date de d\u00e9p\u00f4t du dossier. Il a ajout\u00e9 qu&#8217;il sera proc\u00e9d\u00e9 \u00e9galement \u00e0 l&#8217;ouverture de 3 centres dans les wilayas de Nouakchott pour livrer et cartes grises et les permis de conduire dans les meilleurs d\u00e9lais.<\/p>\n","protected":false},"excerpt":{"rendered":"<p>Le ministre de l\u2019\u00c9quipement et des Transports, M. Moktar Ould Ahmed Yedaly a visit\u00e9 vendredi la direction du transport terrestre o\u00f9 il s&#8217;est inform\u00e9 sur le fonctionnement de ses services. Au cours de ses diff\u00e9rents d\u00e9placements, le ministre a \u00e9cout\u00e9 des explications d\u00e9taill\u00e9es sur les diff\u00e9rentes \u00e9tapes de livraison de la carte grise qui a [&hellip;]<\/p>\n","protected":false},"author":13,"featured_media":205002,"comment_status":"open","ping_status":"open","sticky":false,"template":"","format":"standard","meta":{"footnotes":""},"categories":[63920,63919,63957,63927],"tags":[63990],"class_list":["post-205001","post","type-post","status-publish","format-standard","has-post-thumbnail","hentry","category-a-la-une","category-choix-du-redacteur","category-fil-dactualite","category-slider-mauritanie","tag-activites-gouvernementales"],"_links":{"self":[{"href":"https:\/\/ami.mr\/fr\/wp-json\/wp\/v2\/posts\/205001","targetHints":{"allow":["GET"]}}],"collection":[{"href":"https:\/\/ami.mr\/fr\/wp-json\/wp\/v2\/posts"}],"about":[{"href":"https:\/\/ami.mr\/fr\/wp-json\/wp\/v2\/types\/post"}],"author":[{"embeddable":true,"href":"https:\/\/ami.mr\/fr\/wp-json\/wp\/v2\/users\/13"}],"replies":[{"embeddable":true,"href":"https:\/\/ami.mr\/fr\/wp-json\/wp\/v2\/comments?post=205001"}],"version-history":[{"count":1,"href":"https:\/\/ami.mr\/fr\/wp-json\/wp\/v2\/posts\/205001\/revisions"}],"predecessor-version":[{"id":205003,"href":"https:\/\/ami.mr\/fr\/wp-json\/wp\/v2\/posts\/205001\/revisions\/205003"}],"wp:featuredmedia":[{"embeddable":true,"href":"https:\/\/ami.mr\/fr\/wp-json\/wp\/v2\/media\/205002"}],"wp:attachment":[{"href":"https:\/\/ami.mr\/fr\/wp-json\/wp\/v2\/media?parent=205001"}],"wp:term":[{"taxonomy":"category","embeddable":true,"href":"https:\/\/ami.mr\/fr\/wp-json\/wp\/v2\/categories?post=205001"},{"taxonomy":"post_tag","embeddable":true,"href":"https:\/\/ami.mr\/fr\/wp-json\/wp\/v2\/tags?post=205001"}],"curies":[{"name":"wp","href":"https:\/\/api.w.org\/{rel}","templated":true}]}}