{"id":204858,"date":"2022-08-31T18:18:25","date_gmt":"2022-08-31T18:18:25","guid":{"rendered":"https:\/\/ami.mr\/fr\/?p=204858"},"modified":"2022-08-31T19:04:12","modified_gmt":"2022-08-31T19:04:12","slug":"au-conseil-des-ministres-le-premier-ministre-presente-le-bilan-des-trois-premieres-annees-du-programme-taahoudaty-du-president-de-la-republique","status":"publish","type":"post","link":"https:\/\/ami.mr\/fr\/archives\/204858","title":{"rendered":"Au Conseil des Ministres : Le Premier ministre pr\u00e9sente le bilan des trois premi\u00e8res ann\u00e9es du programme TAAHOUDATY du Pr\u00e9sident de la R\u00e9publique"},"content":{"rendered":"<div class=\"row\"><\/div>\n<div class=\"row\">\n<div class=\"cell auto-size\">\n<div class=\"set-border bd-gray padding10 margin10 no-margin-right no-margin-left \" dir=\"ltr\">\n<p>Le Conseil des Ministres s&#8217;est r\u00e9uni le mercredi 31 Ao\u00fbt 2022, sous la Pr\u00e9sidence de Son Excellence Monsieur Mohamed Ould Cheikh El-Ghazouani, Pr\u00e9sident de la R\u00e9publique.<\/p>\n<p>Le Conseil a examin\u00e9 et adopt\u00e9 les projets de d\u00e9crets suivants :<\/p>\n<p>-Projet de d\u00e9cret portant nomination des membres du Conseil d\u2019Administration de l\u2019Ecole Normale des Instituteurs (ENI) de Nouakchott.<\/p>\n<p>-Projet de d\u00e9cret portant nomination des membres du Conseil d\u2019Administration de l\u2019Ecole Normale des Instituteurs (ENI) d\u2019Aioun.<\/p>\n<p>-Projet de d\u00e9cret portant nomination des membres du Conseil d\u2019Administration de l\u2019Ecole Normale des Instituteurs (ENI) de Ka\u00e9di.<\/p>\n<p>-Projet de d\u00e9cret portant nomination des membres du Conseil d\u2019Administration de l\u2019Ecole Normale des Instituteurs (ENI) d\u2019Akjoujt.<\/p>\n<p>-Projet de d\u00e9cret fixant les modalit\u00e9s du contr\u00f4le m\u00e9trologique l\u00e9gal sur les produits pr\u00e9emball\u00e9s.<\/p>\n<p>Le pr\u00e9sent projet de d\u00e9cret intervient en application de la loi n\u00b02010-030 du 05 juillet 2010, organisant la m\u00e9trologie en Mauritanie. Il vise \u00e0 assurer de fa\u00e7on pr\u00e9cise et transparente le contr\u00f4le des transactions commerciales pour prot\u00e9ger les droits du consommateur b\u00e9n\u00e9ficiaire et juguler tous les aspects frauduleux relatifs au poids, \u00e0 la quantit\u00e9 et \u00e0 la qualit\u00e9 des produits.<\/p>\n<p>-Projet de d\u00e9cret portant nomination du Pr\u00e9sident et des membres du Conseil d\u2019Administration de la Fondation Nationale pour la Sauvegarde des Villes Anciennes.<\/p>\n<p>Le Premier Ministre a pr\u00e9sent\u00e9 une communication n\u00b033-2022\/PM relative au bilan du Programme \u00ab Taahoudaty \u00bb de SEM le Pr\u00e9sident de la R\u00e9publique &#8221; pour la p\u00e9riode Ao\u00fbt 2019-Juillet 2022.<\/p>\n<p>La pr\u00e9sente communication a pour objet d\u2019exposer le bilan des trois premi\u00e8res ann\u00e9es (ao\u00fbt 2019 -juillet 2022) du Programme TAAHOUDATY de Son Excellence Monsieur Pr\u00e9sident de la R\u00e9publique Mohamed Ould Cheikh El Ghazouani, suivant les quatre axes strat\u00e9giques du Programme :<\/p>\n<p>\uf076 Un Etat fort, moderne et au service du citoyen<\/p>\n<p>\uf076 Une \u00e9conomie r\u00e9siliente et engag\u00e9e sur le chemin de l\u2019\u00e9mergence<\/p>\n<p>\uf076 Une soci\u00e9t\u00e9 \u00acfi\u00e8re de sa diversit\u00e9 et r\u00e9concili\u00e9e avec elle-m\u00eame<\/p>\n<p>\uf076 Un capital humain valoris\u00e9 au service du d\u00e9veloppement<\/p>\n<p>Malgr\u00e9 l\u2019\u00e9mergence de la pand\u00e9mie du Covid-19, et la guerre en Ukraine, et les cons\u00e9quences de l\u2019impact de ces crises, il ressort du bilan de ces trois (3) premi\u00e8res ann\u00e9es que des r\u00e9sultats encourageants ont \u00e9t\u00e9 enregistr\u00e9s dans le domaine \u00e9conomique et social :<\/p>\n<p>-Sur le plan \u00e9conomique : la reprise de la croissance et le maintien des grands \u00e9quilibres macro-\u00e9conomiques, avec l\u2019application de politiques macro\u00e9conomiques appropri\u00e9es et de mesures de relance et de riposte qui ont favoris\u00e9 la reprise de la croissance (+2,4% en 2021), la maitrise du niveau d\u2019inflation (\u00e0 3,5% en moyenne annuelle) en 2021, le maintien d\u2019un niveau confortable de r\u00e9serves, un exc\u00e9dent budg\u00e9taire (2,3% du PIB en 2021), une hausse des d\u00e9penses en faveur des couches les plus vuln\u00e9rables et de soutien aux entreprises, et un niveau d\u2019endettement viable.<\/p>\n<p>&#8211; Sur le plan social : des progr\u00e8s importants ont \u00e9t\u00e9 enregistr\u00e9s dans les domaines de la s\u00e9curit\u00e9 alimentaire, de l\u2019acc\u00e8s \u00e0 l\u2019\u00e9nergie et \u00e0 l\u2019eau potable ainsi que de l\u2019\u00e9ducation et de la sant\u00e9 :<\/p>\n<p>&#8211; Concernant la s\u00e9curit\u00e9 alimentaire, le taux de couverture des besoins locaux en riz a atteint 89% en 2022, contre 80% en 2019 ;<\/p>\n<p>&#8211; Au niveau des sous-secteurs de l\u2019\u00e9lectricit\u00e9 et de l\u2019\u00e9nergie, le taux d\u2019acc\u00e8s \u00e0 l\u2019\u00e9lectricit\u00e9 est pass\u00e9 de 46% en 2019 \u00e0 53% en 2022 ; et la part des \u00e9nergies renouvelables dans le mix \u00e9nerg\u00e9tique national a l\u00e9g\u00e8rement augment\u00e9 de 37% \u00e0 38% entre 2019 et 2022 ;<\/p>\n<p>&nbsp;<\/p>\n<p>&#8211; S\u2019agissant de l\u2019acc\u00e8s \u00e0 l\u2019eau potable, le nombre de m\u00e9nages raccord\u00e9s au r\u00e9seau d\u2019eau potable a atteint 280.000, soit plus du double de son niveau de 2019 ;<\/p>\n<p>&nbsp;<\/p>\n<p>&#8211; Dans le domaine de l\u2019\u00e9ducation, le Taux net de scolarisation (TNS) et le taux de r\u00e9ussite aux concours sont pass\u00e9s respectivement de 77% \u00e0 79% et de 47,3% \u00e0 55% entre 2018\/2019 et 2021\/2022 ;<\/p>\n<p>&nbsp;<\/p>\n<p>&#8211; Pour ce qui est de la sant\u00e9, la proportion de la population affili\u00e9e \u00e0 un r\u00e9gime d\u2019assurance maladie est de 30% en 2022, alors qu\u2019elle \u00e9tait de 20% en 2019 ; la proportion des accouchements assist\u00e9s est pass\u00e9e, quant \u00e0 elle, de 62% \u00e0 70,4% entre 2019 et 2022 ; tandis que le ratio des ressources humaines qualifi\u00e9es pour 10.000 habitants a \u00e9volu\u00e9 de 15,4 \u00e0 20,3 sur la m\u00eame p\u00e9riode ;<\/p>\n<p>&nbsp;<\/p>\n<p>&nbsp;<\/p>\n<p>&nbsp;<\/p>\n<p>Le ministre de la Justice, ministre des Affaires Etrang\u00e8res, de la Coop\u00e9ration et des Mauritaniens de l\u2019Ext\u00e9rieur par Int\u00e9rim, a pr\u00e9sent\u00e9 une communication relative \u00e0 la situation internationale.<\/p>\n<p>&nbsp;<\/p>\n<p>&nbsp;<\/p>\n<p>&nbsp;<\/p>\n<p>Le ministre de l\u2019Int\u00e9rieur et de la D\u00e9centralisation a pr\u00e9sent\u00e9 une communication relative \u00e0 la situation int\u00e9rieure.<\/p>\n<\/div>\n<\/div>\n<\/div>\n","protected":false},"excerpt":{"rendered":"<p>Le Conseil des Ministres s&#8217;est r\u00e9uni le mercredi 31 Ao\u00fbt 2022, sous la Pr\u00e9sidence de Son Excellence Monsieur Mohamed Ould Cheikh El-Ghazouani, Pr\u00e9sident de la R\u00e9publique. Le Conseil a examin\u00e9 et adopt\u00e9 les projets de d\u00e9crets suivants : -Projet de d\u00e9cret portant nomination des membres du Conseil d\u2019Administration de l\u2019Ecole Normale des Instituteurs (ENI) de [&hellip;]<\/p>\n","protected":false},"author":8,"featured_media":204873,"comment_status":"open","ping_status":"open","sticky":false,"template":"","format":"standard","meta":{"footnotes":""},"categories":[63919,63957,63921,63927],"tags":[63991],"class_list":["post-204858","post","type-post","status-publish","format-standard","has-post-thumbnail","hentry","category-choix-du-redacteur","category-fil-dactualite","category-slider-afficher","category-slider-mauritanie","tag-activites-presidentielles"],"_links":{"self":[{"href":"https:\/\/ami.mr\/fr\/wp-json\/wp\/v2\/posts\/204858","targetHints":{"allow":["GET"]}}],"collection":[{"href":"https:\/\/ami.mr\/fr\/wp-json\/wp\/v2\/posts"}],"about":[{"href":"https:\/\/ami.mr\/fr\/wp-json\/wp\/v2\/types\/post"}],"author":[{"embeddable":true,"href":"https:\/\/ami.mr\/fr\/wp-json\/wp\/v2\/users\/8"}],"replies":[{"embeddable":true,"href":"https:\/\/ami.mr\/fr\/wp-json\/wp\/v2\/comments?post=204858"}],"version-history":[{"count":1,"href":"https:\/\/ami.mr\/fr\/wp-json\/wp\/v2\/posts\/204858\/revisions"}],"predecessor-version":[{"id":204860,"href":"https:\/\/ami.mr\/fr\/wp-json\/wp\/v2\/posts\/204858\/revisions\/204860"}],"wp:featuredmedia":[{"embeddable":true,"href":"https:\/\/ami.mr\/fr\/wp-json\/wp\/v2\/media\/204873"}],"wp:attachment":[{"href":"https:\/\/ami.mr\/fr\/wp-json\/wp\/v2\/media?parent=204858"}],"wp:term":[{"taxonomy":"category","embeddable":true,"href":"https:\/\/ami.mr\/fr\/wp-json\/wp\/v2\/categories?post=204858"},{"taxonomy":"post_tag","embeddable":true,"href":"https:\/\/ami.mr\/fr\/wp-json\/wp\/v2\/tags?post=204858"}],"curies":[{"name":"wp","href":"https:\/\/api.w.org\/{rel}","templated":true}]}}