{"id":204855,"date":"2022-08-31T17:32:41","date_gmt":"2022-08-31T17:32:41","guid":{"rendered":"https:\/\/ami.mr\/fr\/?p=204855"},"modified":"2022-08-31T17:32:41","modified_gmt":"2022-08-31T17:32:41","slug":"reunions-de-la-4eme-session-ordinaire-du-comite-technique-specialise-de-lua","status":"publish","type":"post","link":"https:\/\/ami.mr\/fr\/archives\/204855","title":{"rendered":"R\u00e9unions de la 4\u00e8me session ordinaire du Comit\u00e9 Technique Sp\u00e9cialis\u00e9 de l\u2019UA"},"content":{"rendered":"<div class=\"row\">\n<div class=\"cell auto-size bd-gray\" dir=\"ltr\"><\/div>\n<\/div>\n<div class=\"row\">\n<div class=\"cell auto-size\">\n<div class=\"set-border bd-gray padding10 margin10 no-margin-right no-margin-left \" dir=\"ltr\">\n<p>Le secr\u00e9taire g\u00e9n\u00e9ral du minist\u00e8re de la Fonction publique et du Travail, M. Mohamed Ould Abdallahi Salem Ould Ahmedoua, a particip\u00e9 mercredi, au Caire, \u00e0 la r\u00e9union minist\u00e9rielle tenue dans le cadre de la quatri\u00e8me session ordinaire du Comit\u00e9 technique sp\u00e9cialis\u00e9 de l&#8217;Union africaine sur le th\u00e8me \u00ab Fonction publique, collectivit\u00e9s locales, d\u00e9veloppement urbain et d\u00e9centralisation \u00bb.<\/p>\n<p>La r\u00e9union de trois jours fait suite aux r\u00e9unions d&#8217;experts qui ont d\u00e9but\u00e9 le 29 ao\u00fbt 2022.<\/p>\n<p>Le secr\u00e9taire g\u00e9n\u00e9ral est accompagn\u00e9 du directeur g\u00e9n\u00e9ral de la Fonction Publique, M. Mohamed Said Ould Ebbe Ould Mohamed Salem.<\/p>\n<\/div>\n<\/div>\n<\/div>\n","protected":false},"excerpt":{"rendered":"<p>Le secr\u00e9taire g\u00e9n\u00e9ral du minist\u00e8re de la Fonction publique et du Travail, M. Mohamed Ould Abdallahi Salem Ould Ahmedoua, a particip\u00e9 mercredi, au Caire, \u00e0 la r\u00e9union minist\u00e9rielle tenue dans le cadre de la quatri\u00e8me session ordinaire du Comit\u00e9 technique sp\u00e9cialis\u00e9 de l&#8217;Union africaine sur le th\u00e8me \u00ab Fonction publique, collectivit\u00e9s locales, d\u00e9veloppement urbain et [&hellip;]<\/p>\n","protected":false},"author":8,"featured_media":204856,"comment_status":"open","ping_status":"open","sticky":false,"template":"","format":"standard","meta":{"footnotes":""},"categories":[63920,63919,63957],"tags":[],"class_list":["post-204855","post","type-post","status-publish","format-standard","has-post-thumbnail","hentry","category-a-la-une","category-choix-du-redacteur","category-fil-dactualite"],"_links":{"self":[{"href":"https:\/\/ami.mr\/fr\/wp-json\/wp\/v2\/posts\/204855","targetHints":{"allow":["GET"]}}],"collection":[{"href":"https:\/\/ami.mr\/fr\/wp-json\/wp\/v2\/posts"}],"about":[{"href":"https:\/\/ami.mr\/fr\/wp-json\/wp\/v2\/types\/post"}],"author":[{"embeddable":true,"href":"https:\/\/ami.mr\/fr\/wp-json\/wp\/v2\/users\/8"}],"replies":[{"embeddable":true,"href":"https:\/\/ami.mr\/fr\/wp-json\/wp\/v2\/comments?post=204855"}],"version-history":[{"count":1,"href":"https:\/\/ami.mr\/fr\/wp-json\/wp\/v2\/posts\/204855\/revisions"}],"predecessor-version":[{"id":204857,"href":"https:\/\/ami.mr\/fr\/wp-json\/wp\/v2\/posts\/204855\/revisions\/204857"}],"wp:featuredmedia":[{"embeddable":true,"href":"https:\/\/ami.mr\/fr\/wp-json\/wp\/v2\/media\/204856"}],"wp:attachment":[{"href":"https:\/\/ami.mr\/fr\/wp-json\/wp\/v2\/media?parent=204855"}],"wp:term":[{"taxonomy":"category","embeddable":true,"href":"https:\/\/ami.mr\/fr\/wp-json\/wp\/v2\/categories?post=204855"},{"taxonomy":"post_tag","embeddable":true,"href":"https:\/\/ami.mr\/fr\/wp-json\/wp\/v2\/tags?post=204855"}],"curies":[{"name":"wp","href":"https:\/\/api.w.org\/{rel}","templated":true}]}}