{"id":204853,"date":"2022-08-31T15:58:57","date_gmt":"2022-08-31T15:58:57","guid":{"rendered":"https:\/\/ami.mr\/fr\/?p=204853"},"modified":"2022-08-31T18:57:01","modified_gmt":"2022-08-31T18:57:01","slug":"le-front-intertropical-f-i-t-passe-au-nord-de-dakhlet-nouadhibou-au-sud-du-tiris-zemmour-et-au-nord-de-nema","status":"publish","type":"post","link":"https:\/\/ami.mr\/fr\/archives\/204853","title":{"rendered":"Le front-intertropical (F.I.T) passe au nord de Dakhlet Nouadhibou, au Sud du Tiris Zemmour et au nord de N\u00e9ma,"},"content":{"rendered":"<p>La situation m\u00e9t\u00e9orologique en Mauritanie sera domin\u00e9e, au cours des prochaines 24 heures, par le passage du Front-intertropical (F.I.T) au nord de Dakhlet-Nouadhibou, au Sud de Tiris zemmour et au nord de la ville de N\u00e9ma.<\/p>\n<p>Cette position favorisera une p\u00e9n\u00e9tration de la mousson sur la quasi-totalit\u00e9 du pays avec une probabilit\u00e9 d&#8217;activit\u00e9s pluvio-orageuses faibles \u00e0 mod\u00e9r\u00e9es sur l&#8217;ensemble du territoire. La visibilit\u00e9 sera affect\u00e9e \u00e0 r\u00e9duite par sable sur le centre du pays.<\/p>\n<p>Sur la ville de Nouakchott, les vents seront faibles \u00e0 mod\u00e9r\u00e9s de secteur ouest et la visibilit\u00e9 sera, quant \u00e0 elle, bonne avec un ciel peu nuageux.<\/p>\n<p>Les temp\u00e9ratures minimales et maximales pour les prochaines 24 heures :<\/p>\n<p>Bir Moghrein : \u2026\u2026\u2026\u202627\/42\u00b0<\/p>\n<p>Zouerate : \u2026\u2026\u2026\u2026\u2026..28\/42\u00b0<\/p>\n<p>Aoujeft : \u2026\u2026\u2026\u2026\u2026..26\/37\u00b0<\/p>\n<p>Chinguetti : \u2026\u2026\u2026\u2026..26\/37\u00b0<\/p>\n<p>Atar : \u2026\u2026\u2026\u2026\u2026\u2026..26\/38\u00b0<\/p>\n<p>Ouadane :\u2026\u2026\u2026\u2026\u2026\u2026.39\/27\u00b0<\/p>\n<p>Akjoujt :\u2026\u2026\u2026\u2026\u2026\u202626\/37\u00b0<\/p>\n<p>Nouadhibou : \u2026\u2026\u2026\u2026..23\/29\u00b0<\/p>\n<p>Nouakchott :\u2026\u2026\u2026\u2026\u202626\/31\u00b0<\/p>\n<p>Boutilimitt : \u2026\u2026\u2026\u2026.25\/34\u00b0<\/p>\n<p>Aleg : \u2026\u2026\u2026\u2026\u2026\u2026..25\/34\u00b0<\/p>\n<p>Maghtaa Lahjar : \u2026\u2026\u2026\u202624\/34\u00b0<\/p>\n<p>Bogh\u00e9 : \u2026\u2026\u2026\u2026\u2026\u202625\/33\u00b0<\/p>\n<p>Rosso : \u2026\u2026\u2026\u2026\u2026..26\/34\u00b0 23\/34\u00b0<\/p>\n<p>Ka\u00e9di : \u2026\u2026\u2026\u2026\u2026..24\/32\u00b0<\/p>\n<p>Maghama :\u2026\u2026\u2026\u2026\u2026.24\/31\u00b0<\/p>\n<p>Mbout : \u2026\u2026\u2026\u2026\u2026..24\/32\u00b0<\/p>\n<p>S\u00e9libaby :\u2026\u2026\u2026\u2026\u2026.23\/31\u00b0<\/p>\n<p>Kiffa : \u2026\u2026\u2026\u2026\u2026..25\/34\u00b0<\/p>\n<p>Kankoussa :\u2026\u2026\u2026\u2026. 24\/32\u00b0<\/p>\n<p>Bark\u00e9wol : \u2026\u2026\u2026\u2026..24\/33\u00b0<\/p>\n<p>Tidjikja :\u2026\u2026\u2026\u2026\u202624\/36\u00b0<\/p>\n<p>Tichitt :\u2026\u2026\u2026\u2026\u2026\u202627\/39\u00b0<\/p>\n<p>A\u00efoune : \u2026\u2026\u2026\u2026.. 25\/36\u00b0<\/p>\n<p>N\u00e9ma : \u2026\u2026\u2026\u2026\u2026..27\/36\u00b0<\/p>\n<p>Oualata :\u2026\u2026\u2026\u2026..26\/37\u00b0<\/p>\n<p>La mer sera peu agit\u00e9e \u00e0 agiter le long du littoral. La houle sera de direction nord-ouest et la hauteur des vagues variera de 0, 5 \u00e0 1,5m.<\/p>\n","protected":false},"excerpt":{"rendered":"<p>La situation m\u00e9t\u00e9orologique en Mauritanie sera domin\u00e9e, au cours des prochaines 24 heures, par le passage du Front-intertropical (F.I.T) au nord de Dakhlet-Nouadhibou, au Sud de Tiris zemmour et au nord de la ville de N\u00e9ma. Cette position favorisera une p\u00e9n\u00e9tration de la mousson sur la quasi-totalit\u00e9 du pays avec une probabilit\u00e9 d&#8217;activit\u00e9s pluvio-orageuses faibles [&hellip;]<\/p>\n","protected":false},"author":5,"featured_media":204588,"comment_status":"open","ping_status":"open","sticky":false,"template":"","format":"standard","meta":{"footnotes":""},"categories":[63918,63957,63923,8672],"tags":[],"class_list":["post-204853","post","type-post","status-publish","format-standard","has-post-thumbnail","hentry","category-autres","category-fil-dactualite","category-slider-wilayas","category-8672"],"_links":{"self":[{"href":"https:\/\/ami.mr\/fr\/wp-json\/wp\/v2\/posts\/204853","targetHints":{"allow":["GET"]}}],"collection":[{"href":"https:\/\/ami.mr\/fr\/wp-json\/wp\/v2\/posts"}],"about":[{"href":"https:\/\/ami.mr\/fr\/wp-json\/wp\/v2\/types\/post"}],"author":[{"embeddable":true,"href":"https:\/\/ami.mr\/fr\/wp-json\/wp\/v2\/users\/5"}],"replies":[{"embeddable":true,"href":"https:\/\/ami.mr\/fr\/wp-json\/wp\/v2\/comments?post=204853"}],"version-history":[{"count":3,"href":"https:\/\/ami.mr\/fr\/wp-json\/wp\/v2\/posts\/204853\/revisions"}],"predecessor-version":[{"id":204872,"href":"https:\/\/ami.mr\/fr\/wp-json\/wp\/v2\/posts\/204853\/revisions\/204872"}],"wp:featuredmedia":[{"embeddable":true,"href":"https:\/\/ami.mr\/fr\/wp-json\/wp\/v2\/media\/204588"}],"wp:attachment":[{"href":"https:\/\/ami.mr\/fr\/wp-json\/wp\/v2\/media?parent=204853"}],"wp:term":[{"taxonomy":"category","embeddable":true,"href":"https:\/\/ami.mr\/fr\/wp-json\/wp\/v2\/categories?post=204853"},{"taxonomy":"post_tag","embeddable":true,"href":"https:\/\/ami.mr\/fr\/wp-json\/wp\/v2\/tags?post=204853"}],"curies":[{"name":"wp","href":"https:\/\/api.w.org\/{rel}","templated":true}]}}