{"id":204850,"date":"2022-08-31T15:18:03","date_gmt":"2022-08-31T15:18:03","guid":{"rendered":"https:\/\/ami.mr\/fr\/?p=204850"},"modified":"2022-08-31T15:18:03","modified_gmt":"2022-08-31T15:18:03","slug":"le-commissaire-adjoint-a-la-securite-alimentaire-receptionne-une-aide-algerienne-pour-faire-face-aux-degats-causes-par-les-pluies-et-torrents","status":"publish","type":"post","link":"https:\/\/ami.mr\/fr\/archives\/204850","title":{"rendered":"Le commissaire adjoint \u00e0 la s\u00e9curit\u00e9 alimentaire r\u00e9ceptionne une aide alg\u00e9rienne pour faire face aux d\u00e9g\u00e2ts caus\u00e9s par les pluies et torrents"},"content":{"rendered":"<p>Le commissaire adjoint \u00e0 la s\u00e9curit\u00e9 alimentaire (CSA), M. Limam Ould Abdawa a r\u00e9ceptionn\u00e9, mercredi \u00e0 Nouakchott, une aide alg\u00e9rienne compos\u00e9e de tentes, de couvertures, de produits alimentaires, de motopompes et de groupes \u00e9lectrog\u00e8nes pour appuyer les efforts de la Mauritanie visant \u00e0 faire face aux d\u00e9g\u00e2ts caus\u00e9s par les pluies et torrents.<\/p>\n<p>Le commissaire adjoint \u00e0 la s\u00e9curit\u00e9 alimentaire, accompagn\u00e9 de M. Hasni Ould Oufghih, charg\u00e9 de mission au minist\u00e8re des Affaires \u00e9trang\u00e8res, de la Coop\u00e9ration et des Mauritaniens de l&#8217;Ext\u00e9rieur, secr\u00e9taire g\u00e9n\u00e9ral par int\u00e9rim, a remerci\u00e9, au nom du peuple et du gouvernement mauritaniens, l&#8217;Alg\u00e9rie s\u0153ur pour cette g\u00e9n\u00e9reuse assistance qui contribuera \u00e0 renforcer les efforts des pouvoirs publics dans leurs actions d&#8217;aide aux populations victimes des inondations.<\/p>\n<p>Il a pr\u00e9cis\u00e9 que cette aide est une nouvelle pierre qui s&#8217;ajoute \u00e0 l&#8217;\u00e9difice de coop\u00e9ration fructueuse entre les deux pays fr\u00e8res sous la conduite de leurs dirigeants leurs excellences Messieurs Mohamed Ould Cheikh El Ghazouani et Abdelmadjid Tebboune.<\/p>\n<p>De son c\u00f4t\u00e9, l&#8217;ambassadeur d&#8217;Alg\u00e9rie en Mauritanie, SEM Mohamed Ben Attou a indiqu\u00e9 que cette aide s&#8217;inscrit dans le cadre du renforcement des relations de coop\u00e9ration unissant les deux pays et de l&#8217;appui des efforts de la Mauritanie pour faire face aux cons\u00e9quences des pluies et torrents qu&#8217;a connu le pays ces derni\u00e8res semaines.<\/p>\n<p>La remise de l&#8217;assistance s&#8217;est d\u00e9roul\u00e9e en pr\u00e9sence du chef d\u2019\u00e9tat-major de l\u2019arm\u00e9e de l\u2019air et de l\u2019attach\u00e9 militaire de l\u2019ambassade d\u2019Alg\u00e9rie en Mauritanie.<\/p>\n","protected":false},"excerpt":{"rendered":"<p>Le commissaire adjoint \u00e0 la s\u00e9curit\u00e9 alimentaire (CSA), M. Limam Ould Abdawa a r\u00e9ceptionn\u00e9, mercredi \u00e0 Nouakchott, une aide alg\u00e9rienne compos\u00e9e de tentes, de couvertures, de produits alimentaires, de motopompes et de groupes \u00e9lectrog\u00e8nes pour appuyer les efforts de la Mauritanie visant \u00e0 faire face aux d\u00e9g\u00e2ts caus\u00e9s par les pluies et torrents. Le commissaire [&hellip;]<\/p>\n","protected":false},"author":5,"featured_media":204851,"comment_status":"open","ping_status":"open","sticky":false,"template":"","format":"standard","meta":{"footnotes":""},"categories":[63918,63919,63957,25,63926],"tags":[],"class_list":["post-204850","post","type-post","status-publish","format-standard","has-post-thumbnail","hentry","category-autres","category-choix-du-redacteur","category-fil-dactualite","category-25","category-slider-general"],"_links":{"self":[{"href":"https:\/\/ami.mr\/fr\/wp-json\/wp\/v2\/posts\/204850","targetHints":{"allow":["GET"]}}],"collection":[{"href":"https:\/\/ami.mr\/fr\/wp-json\/wp\/v2\/posts"}],"about":[{"href":"https:\/\/ami.mr\/fr\/wp-json\/wp\/v2\/types\/post"}],"author":[{"embeddable":true,"href":"https:\/\/ami.mr\/fr\/wp-json\/wp\/v2\/users\/5"}],"replies":[{"embeddable":true,"href":"https:\/\/ami.mr\/fr\/wp-json\/wp\/v2\/comments?post=204850"}],"version-history":[{"count":1,"href":"https:\/\/ami.mr\/fr\/wp-json\/wp\/v2\/posts\/204850\/revisions"}],"predecessor-version":[{"id":204852,"href":"https:\/\/ami.mr\/fr\/wp-json\/wp\/v2\/posts\/204850\/revisions\/204852"}],"wp:featuredmedia":[{"embeddable":true,"href":"https:\/\/ami.mr\/fr\/wp-json\/wp\/v2\/media\/204851"}],"wp:attachment":[{"href":"https:\/\/ami.mr\/fr\/wp-json\/wp\/v2\/media?parent=204850"}],"wp:term":[{"taxonomy":"category","embeddable":true,"href":"https:\/\/ami.mr\/fr\/wp-json\/wp\/v2\/categories?post=204850"},{"taxonomy":"post_tag","embeddable":true,"href":"https:\/\/ami.mr\/fr\/wp-json\/wp\/v2\/tags?post=204850"}],"curies":[{"name":"wp","href":"https:\/\/api.w.org\/{rel}","templated":true}]}}