{"id":204571,"date":"2022-08-27T14:13:07","date_gmt":"2022-08-27T14:13:07","guid":{"rendered":"https:\/\/ami.mr\/fr\/?p=204571"},"modified":"2022-08-29T12:55:01","modified_gmt":"2022-08-29T12:55:01","slug":"notre-pays-participe-a-tunis-au-8e-sommet-afrique-japon-ticad","status":"publish","type":"post","link":"https:\/\/ami.mr\/fr\/archives\/204571","title":{"rendered":"Notre pays participe \u00e0 Tunis au 8e Sommet Afrique-Japon (TICAD)"},"content":{"rendered":"<p>Les travaux du 8\u00e8 sommet Afrique-Japon (TICAD sur le d\u00e9veloppement de l\u2019Afrique ont \u00e9t\u00e9 ouverts ce samedi matin \u00e0 Tunis.<\/p>\n<p>A ce sommet, Son Excellence le Pr\u00e9sident de la R\u00e9publique, Monsieur Mohamed Ould Cheikh El Ghazouani, est repr\u00e9sent\u00e9 par le ministre des Affaires \u00e9trang\u00e8res, de la Coop\u00e9ration et des Mauritaniens de l\u2019Ext\u00e9rieur, M. Mohamed Salem Ould Merzoug.<\/p>\n<p>Au cours de ce d\u00e9placement, le ministre est accompagn\u00e9 par une d\u00e9l\u00e9gation de haut niveau comprenant notamment :<\/p>\n<p>&#8211; Mme Fatimetou Mint Khattri, Commissaire \u00e0 la S\u00e9curit\u00e9 alimentaire,<\/p>\n<p>&#8211; SEM. Demane Ould Hammar, ambassadeur de notre pays aupr\u00e8s de la Tunisie,<\/p>\n<p>&#8211; SEme. Khadijetou M\u2019Bareck, ambassadrice de notre pays aupr\u00e8s de l\u2019Ethiopie et sa Repr\u00e9sentante permanente aupr\u00e8s de l\u2019Union Africaine \u00e0 Addis-Abeba,<\/p>\n<p>&#8211; M. Mohamed Lemine Ould Moulaye Ely, Directeur g\u00e9n\u00e9ral de la coop\u00e9ration multilat\u00e9rale,<\/p>\n<p>&#8211; M. Adnan Cheibani, directeur d\u00e9partement Asie-Oc\u00e9anie \u00e0 la Direction g\u00e9n\u00e9rale de la coop\u00e9ration bilat\u00e9rale,<\/p>\n<p>&#8211; M. Diakit\u00e9 Mohamed Moustapha, directeur de l\u2019UA et des organisations r\u00e9gionales \u00e0 la Direction g\u00e9n\u00e9rale de la coop\u00e9ration multilat\u00e9rale,<\/p>\n<p>&#8211; M. Mohamed El Bah, chef de service au minist\u00e8re des Affaires \u00e9trang\u00e8res, de la Coop\u00e9ration et des Mauritaniens de l\u2019Ext\u00e9rieur.<\/p>\n","protected":false},"excerpt":{"rendered":"<p>Les travaux du 8\u00e8 sommet Afrique-Japon (TICAD sur le d\u00e9veloppement de l\u2019Afrique ont \u00e9t\u00e9 ouverts ce samedi matin \u00e0 Tunis. A ce sommet, Son Excellence le Pr\u00e9sident de la R\u00e9publique, Monsieur Mohamed Ould Cheikh El Ghazouani, est repr\u00e9sent\u00e9 par le ministre des Affaires \u00e9trang\u00e8res, de la Coop\u00e9ration et des Mauritaniens de l\u2019Ext\u00e9rieur, M. Mohamed Salem [&hellip;]<\/p>\n","protected":false},"author":2,"featured_media":204574,"comment_status":"open","ping_status":"open","sticky":false,"template":"","format":"standard","meta":{"footnotes":""},"categories":[63918,63919,63957,25,63926],"tags":[],"class_list":["post-204571","post","type-post","status-publish","format-standard","has-post-thumbnail","hentry","category-autres","category-choix-du-redacteur","category-fil-dactualite","category-25","category-slider-general"],"_links":{"self":[{"href":"https:\/\/ami.mr\/fr\/wp-json\/wp\/v2\/posts\/204571","targetHints":{"allow":["GET"]}}],"collection":[{"href":"https:\/\/ami.mr\/fr\/wp-json\/wp\/v2\/posts"}],"about":[{"href":"https:\/\/ami.mr\/fr\/wp-json\/wp\/v2\/types\/post"}],"author":[{"embeddable":true,"href":"https:\/\/ami.mr\/fr\/wp-json\/wp\/v2\/users\/2"}],"replies":[{"embeddable":true,"href":"https:\/\/ami.mr\/fr\/wp-json\/wp\/v2\/comments?post=204571"}],"version-history":[{"count":1,"href":"https:\/\/ami.mr\/fr\/wp-json\/wp\/v2\/posts\/204571\/revisions"}],"predecessor-version":[{"id":204573,"href":"https:\/\/ami.mr\/fr\/wp-json\/wp\/v2\/posts\/204571\/revisions\/204573"}],"wp:featuredmedia":[{"embeddable":true,"href":"https:\/\/ami.mr\/fr\/wp-json\/wp\/v2\/media\/204574"}],"wp:attachment":[{"href":"https:\/\/ami.mr\/fr\/wp-json\/wp\/v2\/media?parent=204571"}],"wp:term":[{"taxonomy":"category","embeddable":true,"href":"https:\/\/ami.mr\/fr\/wp-json\/wp\/v2\/categories?post=204571"},{"taxonomy":"post_tag","embeddable":true,"href":"https:\/\/ami.mr\/fr\/wp-json\/wp\/v2\/tags?post=204571"}],"curies":[{"name":"wp","href":"https:\/\/api.w.org\/{rel}","templated":true}]}}