{"id":204548,"date":"2022-08-26T18:43:34","date_gmt":"2022-08-26T18:43:34","guid":{"rendered":"https:\/\/ami.mr\/fr\/?p=204548"},"modified":"2022-08-26T18:43:34","modified_gmt":"2022-08-26T18:43:34","slug":"le-ministre-de-lequipement-et-des-transports-inspecte-la-route-atar-tidjikja","status":"publish","type":"post","link":"https:\/\/ami.mr\/fr\/archives\/204548","title":{"rendered":"Le ministre de l\u2019\u00c9quipement et des Transports inspecte la route Atar &#8211; Tidjikja"},"content":{"rendered":"<div class=\"row\">\n<div class=\"cell auto-size bd-gray\" dir=\"ltr\"><\/div>\n<\/div>\n<div class=\"row\">\n<div class=\"cell auto-size\">\n<div class=\"set-border bd-gray padding10 margin10 no-margin-right no-margin-left \" dir=\"ltr\">\n<p>Le ministre de l\u2019\u00c9quipement et des Transports, M. Mokhtar Ould Ahmed El Yedali, a accompagn\u00e9 du wali de l&#8217;Adrar, M. Diack Abdoul Razagh, a effectu\u00e9, vendredi, une visite d&#8217;inspection de la route reliant les villes d&#8217;Atar et de Tidjikja, o\u00f9 il s\u2019\u00e9tait inform\u00e9 sur les dommages subis par certains tron\u00e7ons de route suite aux r\u00e9centes pluies, en particulier le pont Timinit, situ\u00e9 \u00e0 25 km \u00e0 l&#8217;est d&#8217;Aoujeft.<\/p>\n<p>Il y a actuellement des \u00e9quipes d&#8217;intervention d&#8217;urgence sur la route entre Aoujeft et Timinit afin de d\u00e9bloquer le trafic sur cet important axe routier, en attendant que les \u00e9tudes n\u00e9cessaires soient men\u00e9es et que des solutions d\u00e9finitives aux probl\u00e8mes techniques rencontr\u00e9s par la route soient propos\u00e9es.<\/p>\n<p>Le ministre a confirm\u00e9, dans une d\u00e9claration au bureau de l&#8217;Agence mauritanienne d&#8217;Information \u00e0 Atar, qu&#8217;une \u00e9quipe technique a commenc\u00e9 \u00e0 travailler directement sur cet axe routier pour assurer sa fluidit\u00e9.<\/p>\n<p>Concernant la passe Ould Ebnou, situ\u00e9e sur la route reliant Atar et Chinguetti, le ministre a indiqu\u00e9 avoir instruit la corporation des travaux d&#8217;entretien des routes de la restaurer dans les meilleurs d\u00e9lais, avec l&#8217;aide du g\u00e9nie militaire.<\/p>\n<p>Il a indiqu\u00e9 que la corporation des travaux d&#8217;entretien des routes travaille \u00e0 l&#8217;ouverture temporaire de la route reliant Aujeft et Timinit pour la rendre fluide, soulignant la pr\u00e9sence d&#8217;une \u00e9quipe technique fixe dont la mission est d&#8217;intervenir dans les meilleurs d\u00e9lais.<\/p>\n<p>Il a ajout\u00e9 que le secteur travaille sur une \u00e9tude pour r\u00e9soudre le probl\u00e8me des passes de mani\u00e8re d\u00e9finitive et suivant des normes techniques de haut niveau.<\/p>\n<p>Le ministre a appel\u00e9 les automobilistes \u00e0 faire preuve de prudence lors de l&#8217;exploitation du r\u00e9seau routier pendant la saison des pluies, qui se caract\u00e9rise par les pr\u00e9cipitations et les pluies torrentielles qu&#8217;elles provoquent.<\/p>\n<p>La visite s&#8217;est d\u00e9roul\u00e9e en pr\u00e9sence du hakem de la moughataa d\u2019Aoujeft, des autorit\u00e9s de s\u00e9curit\u00e9 de la wilaya et de plusieurs responsables du d\u00e9partement.<\/p>\n<\/div>\n<\/div>\n<\/div>\n","protected":false},"excerpt":{"rendered":"<p>Le ministre de l\u2019\u00c9quipement et des Transports, M. Mokhtar Ould Ahmed El Yedali, a accompagn\u00e9 du wali de l&#8217;Adrar, M. Diack Abdoul Razagh, a effectu\u00e9, vendredi, une visite d&#8217;inspection de la route reliant les villes d&#8217;Atar et de Tidjikja, o\u00f9 il s\u2019\u00e9tait inform\u00e9 sur les dommages subis par certains tron\u00e7ons de route suite aux r\u00e9centes [&hellip;]<\/p>\n","protected":false},"author":8,"featured_media":204549,"comment_status":"open","ping_status":"open","sticky":false,"template":"","format":"standard","meta":{"footnotes":""},"categories":[63920,63919,9,63957,63924],"tags":[],"class_list":["post-204548","post","type-post","status-publish","format-standard","has-post-thumbnail","hentry","category-a-la-une","category-choix-du-redacteur","category-9","category-fil-dactualite","category-slider-culture"],"_links":{"self":[{"href":"https:\/\/ami.mr\/fr\/wp-json\/wp\/v2\/posts\/204548","targetHints":{"allow":["GET"]}}],"collection":[{"href":"https:\/\/ami.mr\/fr\/wp-json\/wp\/v2\/posts"}],"about":[{"href":"https:\/\/ami.mr\/fr\/wp-json\/wp\/v2\/types\/post"}],"author":[{"embeddable":true,"href":"https:\/\/ami.mr\/fr\/wp-json\/wp\/v2\/users\/8"}],"replies":[{"embeddable":true,"href":"https:\/\/ami.mr\/fr\/wp-json\/wp\/v2\/comments?post=204548"}],"version-history":[{"count":1,"href":"https:\/\/ami.mr\/fr\/wp-json\/wp\/v2\/posts\/204548\/revisions"}],"predecessor-version":[{"id":204550,"href":"https:\/\/ami.mr\/fr\/wp-json\/wp\/v2\/posts\/204548\/revisions\/204550"}],"wp:featuredmedia":[{"embeddable":true,"href":"https:\/\/ami.mr\/fr\/wp-json\/wp\/v2\/media\/204549"}],"wp:attachment":[{"href":"https:\/\/ami.mr\/fr\/wp-json\/wp\/v2\/media?parent=204548"}],"wp:term":[{"taxonomy":"category","embeddable":true,"href":"https:\/\/ami.mr\/fr\/wp-json\/wp\/v2\/categories?post=204548"},{"taxonomy":"post_tag","embeddable":true,"href":"https:\/\/ami.mr\/fr\/wp-json\/wp\/v2\/tags?post=204548"}],"curies":[{"name":"wp","href":"https:\/\/api.w.org\/{rel}","templated":true}]}}