{"id":204376,"date":"2022-08-23T19:13:49","date_gmt":"2022-08-23T19:13:49","guid":{"rendered":"https:\/\/ami.mr\/fr\/?p=204376"},"modified":"2022-08-23T19:13:49","modified_gmt":"2022-08-23T19:13:49","slug":"brakna-la-commission-regionale-des-urgences-se-reunit-a-aleg","status":"publish","type":"post","link":"https:\/\/ami.mr\/fr\/archives\/204376","title":{"rendered":"Brakna : la commission r\u00e9gionale des urgences se r\u00e9unit \u00e0 Aleg"},"content":{"rendered":"<div class=\"row\"><\/div>\n<div class=\"row\">\n<div class=\"cell auto-size\">\n<div class=\"set-border bd-gray padding10 margin10 no-margin-right no-margin-left \" dir=\"ltr\">\n<p>Le wali du Brakna, M. Tayib Ould Mohamed Mahmoud, en compagnie du d\u00e9l\u00e9gu\u00e9 g\u00e9n\u00e9ral \u00e0 la s\u00e9curit\u00e9 civile et \u00e0 la gestion des crises, le g\u00e9n\u00e9ral de brigade Khattar Ould Mohamed M\u2019Bareck, a supervis\u00e9, mardi \u00e0 Aleg, une r\u00e9union de la commission r\u00e9gionale des urgences au niveau du Brakna.<\/p>\n<p>La rencontre a \u00e9t\u00e9 l\u2019occasion de discuter des voies et moyens de lutter contre les catastrophes naturelles, mais aussi, la mobilisation des moyens n\u00e9cessaires pour y parvenir, en plus de l\u2019\u00e9valuation de la situation de la Wilaya et la pr\u00e9paration d\u2019un plan d\u2019intervention, le cas \u00e9ch\u00e9ant, en perspectives d\u2019\u00e9ventuelles pr\u00e9cipitations.<\/p>\n<p>Dans un mot prononc\u00e9 pour la circonstance, le wali a indiqu\u00e9 que la r\u00e9union de la commission intervient au lendemain des derni\u00e8res pluies qui ont engendr\u00e9 des inondations et vise \u00e0 venir en aide aux populations sinistr\u00e9es dans la Wilaya.<\/p>\n<p>Il a soulign\u00e9 que la participation des diff\u00e9rents Services et corps militaires et s\u00e9curitaires \u00e0 la r\u00e9union constitue l\u2019occasion de mettre en place les comit\u00e9s qui assureront le travail sur le terrain face aux catastrophes naturelles \u00e0 l\u2019\u00e9chelle de la Wilaya.<\/p>\n<p>A son tour, le d\u00e9l\u00e9gu\u00e9 g\u00e9n\u00e9ral \u00e0 la s\u00e9curit\u00e9 civile et \u00e0 la gestion des crises, M. Khattar Ould Mohamed M\u2019Bareck, a soulign\u00e9 que l\u2019action de la commission est de nature \u00e0 appuyer les efforts du gouvernement visant \u00e0 s\u00e9curiser les citoyens et leurs biens contre tout danger, qu\u2019il s\u2019agisse d\u2019inondations, d\u2019incendies, ou d\u2019\u00e9pid\u00e9mies, etc.<\/p>\n<p>Ont assist\u00e9 \u00e0 la r\u00e9union, le hakem d\u2019Aleg, M. Abdellahi Ould Limam, l\u2019adjoint au maire de la commune, M. Mohamedou Ould Ahmed Taleb, au c\u00f4t\u00e9 des autorit\u00e9s militaires s\u00e9curitaires dans la Wilaya.<\/p>\n<\/div>\n<\/div>\n<\/div>\n","protected":false},"excerpt":{"rendered":"<p>Le wali du Brakna, M. Tayib Ould Mohamed Mahmoud, en compagnie du d\u00e9l\u00e9gu\u00e9 g\u00e9n\u00e9ral \u00e0 la s\u00e9curit\u00e9 civile et \u00e0 la gestion des crises, le g\u00e9n\u00e9ral de brigade Khattar Ould Mohamed M\u2019Bareck, a supervis\u00e9, mardi \u00e0 Aleg, une r\u00e9union de la commission r\u00e9gionale des urgences au niveau du Brakna. La rencontre a \u00e9t\u00e9 l\u2019occasion de [&hellip;]<\/p>\n","protected":false},"author":18,"featured_media":204377,"comment_status":"open","ping_status":"open","sticky":false,"template":"","format":"standard","meta":{"footnotes":""},"categories":[63920,63919,63957,63923,8672],"tags":[],"class_list":["post-204376","post","type-post","status-publish","format-standard","has-post-thumbnail","hentry","category-a-la-une","category-choix-du-redacteur","category-fil-dactualite","category-slider-wilayas","category-8672"],"_links":{"self":[{"href":"https:\/\/ami.mr\/fr\/wp-json\/wp\/v2\/posts\/204376","targetHints":{"allow":["GET"]}}],"collection":[{"href":"https:\/\/ami.mr\/fr\/wp-json\/wp\/v2\/posts"}],"about":[{"href":"https:\/\/ami.mr\/fr\/wp-json\/wp\/v2\/types\/post"}],"author":[{"embeddable":true,"href":"https:\/\/ami.mr\/fr\/wp-json\/wp\/v2\/users\/18"}],"replies":[{"embeddable":true,"href":"https:\/\/ami.mr\/fr\/wp-json\/wp\/v2\/comments?post=204376"}],"version-history":[{"count":1,"href":"https:\/\/ami.mr\/fr\/wp-json\/wp\/v2\/posts\/204376\/revisions"}],"predecessor-version":[{"id":204378,"href":"https:\/\/ami.mr\/fr\/wp-json\/wp\/v2\/posts\/204376\/revisions\/204378"}],"wp:featuredmedia":[{"embeddable":true,"href":"https:\/\/ami.mr\/fr\/wp-json\/wp\/v2\/media\/204377"}],"wp:attachment":[{"href":"https:\/\/ami.mr\/fr\/wp-json\/wp\/v2\/media?parent=204376"}],"wp:term":[{"taxonomy":"category","embeddable":true,"href":"https:\/\/ami.mr\/fr\/wp-json\/wp\/v2\/categories?post=204376"},{"taxonomy":"post_tag","embeddable":true,"href":"https:\/\/ami.mr\/fr\/wp-json\/wp\/v2\/tags?post=204376"}],"curies":[{"name":"wp","href":"https:\/\/api.w.org\/{rel}","templated":true}]}}