{"id":204253,"date":"2022-08-21T14:21:45","date_gmt":"2022-08-21T14:21:45","guid":{"rendered":"https:\/\/ami.mr\/fr\/?p=204253"},"modified":"2022-08-21T14:36:28","modified_gmt":"2022-08-21T14:36:28","slug":"une-reunion-dexamen-des-domaines-relatifs-a-laction-des-centres-du-registre-des-populations-et-des-titres-securises-dans-les-wilayas","status":"publish","type":"post","link":"https:\/\/ami.mr\/fr\/archives\/204253","title":{"rendered":"Une r\u00e9union d\u2019examen des domaines relatifs \u00e0 l\u2019action des centres du Registre des Populations et des Titres S\u00e9curis\u00e9s dans les wilayas"},"content":{"rendered":"<p>La r\u00e9union tenue, samedi soir \u00e0 Nouakchott, par l\u2019Administrateur Directeur g\u00e9n\u00e9ral de l\u2019Agence nationale du Registre des Populations et des Titres S\u00e9curis\u00e9s, M. Sidi Ali Ould Taleb, avec certains walis, a \u00e9t\u00e9 une occasion pour passer en revue la situation des centres de l\u2019ANRPTS dans les wilayas et pour examiner les diff\u00e9rents domaines relatifs au travail dans ces centres r\u00e9gionaux.<\/p>\n<p>Il est \u00e0 noter que l\u2019ANRPTS \u0153uvre au contr\u00f4le des populations en collectant, mettant \u00e0 jour et archivant toutes les donn\u00e9es biom\u00e9triques et biographiques les concernant et en d\u00e9livrant les documents qui en d\u00e9coulent.<\/p>\n<p>La r\u00e9union s\u2019est d\u00e9roul\u00e9e en pr\u00e9sence de cadres du minist\u00e8re de l\u2019Int\u00e9rieur et de la D\u00e9centralisation et de fonctionnaires \u00e0 l\u2019ANRPTS.<\/p>\n","protected":false},"excerpt":{"rendered":"<p>La r\u00e9union tenue, samedi soir \u00e0 Nouakchott, par l\u2019Administrateur Directeur g\u00e9n\u00e9ral de l\u2019Agence nationale du Registre des Populations et des Titres S\u00e9curis\u00e9s, M. Sidi Ali Ould Taleb, avec certains walis, a \u00e9t\u00e9 une occasion pour passer en revue la situation des centres de l\u2019ANRPTS dans les wilayas et pour examiner les diff\u00e9rents domaines relatifs au [&hellip;]<\/p>\n","protected":false},"author":2,"featured_media":204255,"comment_status":"open","ping_status":"open","sticky":false,"template":"","format":"standard","meta":{"footnotes":""},"categories":[63920,63919,104,63957,63924],"tags":[],"class_list":["post-204253","post","type-post","status-publish","format-standard","has-post-thumbnail","hentry","category-a-la-une","category-choix-du-redacteur","category-104","category-fil-dactualite","category-slider-culture"],"_links":{"self":[{"href":"https:\/\/ami.mr\/fr\/wp-json\/wp\/v2\/posts\/204253","targetHints":{"allow":["GET"]}}],"collection":[{"href":"https:\/\/ami.mr\/fr\/wp-json\/wp\/v2\/posts"}],"about":[{"href":"https:\/\/ami.mr\/fr\/wp-json\/wp\/v2\/types\/post"}],"author":[{"embeddable":true,"href":"https:\/\/ami.mr\/fr\/wp-json\/wp\/v2\/users\/2"}],"replies":[{"embeddable":true,"href":"https:\/\/ami.mr\/fr\/wp-json\/wp\/v2\/comments?post=204253"}],"version-history":[{"count":1,"href":"https:\/\/ami.mr\/fr\/wp-json\/wp\/v2\/posts\/204253\/revisions"}],"predecessor-version":[{"id":204254,"href":"https:\/\/ami.mr\/fr\/wp-json\/wp\/v2\/posts\/204253\/revisions\/204254"}],"wp:featuredmedia":[{"embeddable":true,"href":"https:\/\/ami.mr\/fr\/wp-json\/wp\/v2\/media\/204255"}],"wp:attachment":[{"href":"https:\/\/ami.mr\/fr\/wp-json\/wp\/v2\/media?parent=204253"}],"wp:term":[{"taxonomy":"category","embeddable":true,"href":"https:\/\/ami.mr\/fr\/wp-json\/wp\/v2\/categories?post=204253"},{"taxonomy":"post_tag","embeddable":true,"href":"https:\/\/ami.mr\/fr\/wp-json\/wp\/v2\/tags?post=204253"}],"curies":[{"name":"wp","href":"https:\/\/api.w.org\/{rel}","templated":true}]}}