{"id":204210,"date":"2022-08-19T14:38:47","date_gmt":"2022-08-19T14:38:47","guid":{"rendered":"https:\/\/ami.mr\/fr\/?p=204210"},"modified":"2022-08-21T12:47:18","modified_gmt":"2022-08-21T12:47:18","slug":"le-president-de-la-republique-exprime-a-son-homologue-algerien-sa-profonde-tristesse-pour-les-pertes-en-vies-humaines-causees-par-les-feux-de-brousse","status":"publish","type":"post","link":"https:\/\/ami.mr\/fr\/archives\/204210","title":{"rendered":"Le Pr\u00e9sident de la R\u00e9publique exprime \u00e0 son homologue alg\u00e9rien sa profonde tristesse pour les pertes en vies humaines caus\u00e9es par les feux de brousse"},"content":{"rendered":"<p>Le Pr\u00e9sident de la R\u00e9publique, Son Excellence Monsieur Mohamed Ould Cheikh El Ghazouani a adress\u00e9 vendredi un message de condol\u00e9ances \u00e0 son homologue alg\u00e9rien, Son Excellence Monsieur Abdelmajid Tebboune, pr\u00e9sident de la R\u00e9publique Alg\u00e9rienne D\u00e9mocratique et Populaire, dans lequel il exprime sa profonde tristesse pour le renouvellement des feux de brousse qui ont caus\u00e9 d&#8217;importantes pertes en vies humaines et des d\u00e9g\u00e2ts mat\u00e9riel.<\/p>\n<p>Le message est ainsi libell\u00e9<\/p>\n<p>&#8220;Excellence et cher fr\u00e8re,<\/p>\n<p>Notre pays suit avec tristesse et pr\u00e9occupation grandissantes les informations du renouvellement des feux de brousse dans des wilayas de l&#8217;Alg\u00e9rie s\u0153ur causant d&#8217;importantes pertes en vies humaines et des d\u00e9g\u00e2ts en mat\u00e9riel.<\/p>\n<p>En cette douloureuse circonstance, je vous exprime et \u00e0 travers vous au peuple et au gouvernement alg\u00e9riens nos profondes condol\u00e9ances et nos sinc\u00e8res compassions, tout en implorant ALLAH le Tout Puissant d&#8217;accorder sa mis\u00e9ricorde aux disparus, un prompt r\u00e9tablissement aux bless\u00e9s et d&#8217;inspirer leurs proches patience et pers\u00e9v\u00e9rance.<\/p>\n<p>Tr\u00e8s haute consid\u00e9ration<\/p>\n<p>Votre fr\u00e8re: Mohamed Ould Cheikh El Ghazouani&#8221;.<\/p>\n","protected":false},"excerpt":{"rendered":"<p>Le Pr\u00e9sident de la R\u00e9publique, Son Excellence Monsieur Mohamed Ould Cheikh El Ghazouani a adress\u00e9 vendredi un message de condol\u00e9ances \u00e0 son homologue alg\u00e9rien, Son Excellence Monsieur Abdelmajid Tebboune, pr\u00e9sident de la R\u00e9publique Alg\u00e9rienne D\u00e9mocratique et Populaire, dans lequel il exprime sa profonde tristesse pour le renouvellement des feux de brousse qui ont caus\u00e9 d&#8217;importantes [&hellip;]<\/p>\n","protected":false},"author":5,"featured_media":204211,"comment_status":"open","ping_status":"open","sticky":false,"template":"","format":"standard","meta":{"footnotes":""},"categories":[63919,63957,25,63921,63926],"tags":[],"class_list":["post-204210","post","type-post","status-publish","format-standard","has-post-thumbnail","hentry","category-choix-du-redacteur","category-fil-dactualite","category-25","category-slider-afficher","category-slider-general"],"_links":{"self":[{"href":"https:\/\/ami.mr\/fr\/wp-json\/wp\/v2\/posts\/204210","targetHints":{"allow":["GET"]}}],"collection":[{"href":"https:\/\/ami.mr\/fr\/wp-json\/wp\/v2\/posts"}],"about":[{"href":"https:\/\/ami.mr\/fr\/wp-json\/wp\/v2\/types\/post"}],"author":[{"embeddable":true,"href":"https:\/\/ami.mr\/fr\/wp-json\/wp\/v2\/users\/5"}],"replies":[{"embeddable":true,"href":"https:\/\/ami.mr\/fr\/wp-json\/wp\/v2\/comments?post=204210"}],"version-history":[{"count":1,"href":"https:\/\/ami.mr\/fr\/wp-json\/wp\/v2\/posts\/204210\/revisions"}],"predecessor-version":[{"id":204212,"href":"https:\/\/ami.mr\/fr\/wp-json\/wp\/v2\/posts\/204210\/revisions\/204212"}],"wp:featuredmedia":[{"embeddable":true,"href":"https:\/\/ami.mr\/fr\/wp-json\/wp\/v2\/media\/204211"}],"wp:attachment":[{"href":"https:\/\/ami.mr\/fr\/wp-json\/wp\/v2\/media?parent=204210"}],"wp:term":[{"taxonomy":"category","embeddable":true,"href":"https:\/\/ami.mr\/fr\/wp-json\/wp\/v2\/categories?post=204210"},{"taxonomy":"post_tag","embeddable":true,"href":"https:\/\/ami.mr\/fr\/wp-json\/wp\/v2\/tags?post=204210"}],"curies":[{"name":"wp","href":"https:\/\/api.w.org\/{rel}","templated":true}]}}