{"id":203825,"date":"2022-08-15T21:18:33","date_gmt":"2022-08-15T21:18:33","guid":{"rendered":"https:\/\/ami.mr\/fr\/?p=203825"},"modified":"2022-08-15T21:31:14","modified_gmt":"2022-08-15T21:31:14","slug":"reunion-a-tichit-pour-preparer-la-11eme-edition-du-festival-des-citees-du-patrimoine","status":"publish","type":"post","link":"https:\/\/ami.mr\/fr\/archives\/203825","title":{"rendered":"R\u00e9union \u00e0 Tichit pour pr\u00e9parer la 11\u00e8me \u00e9dition du Festival des cit\u00e9es du Patrimoine"},"content":{"rendered":"<div class=\"row\"><\/div>\n<div class=\"row\">\n<div class=\"cell auto-size\">\n<div class=\"set-border bd-gray padding10 margin10 no-margin-right no-margin-left \" dir=\"ltr\">\n<p>Le secr\u00e9taire g\u00e9n\u00e9ral du minist\u00e8re de la Culture, de la Jeunesse, des Sports et des Relations avec le Parlement, M. Ahmedou Ould Kht\u00e8ra, a pr\u00e9sid\u00e9, dimanche, \u00e0 l\u2019h\u00f4tel de ville de Tichit, une r\u00e9union de pr\u00e9paration de la 11\u00e8me \u00e9dition du Festival des Cit\u00e9es du Patrimoine, en pr\u00e9sence du Wali du Tagant, M. Haddadi Mbar\u00e9 Yat\u00e9ra, du hakem de la moughataa de Techit, ainsi que des \u00e9lus locaux et des autorit\u00e9s militaires et s\u00e9curitaires de la moughataa.<\/p>\n<p>Au cours de la r\u00e9union, le secr\u00e9taire g\u00e9n\u00e9ral du minist\u00e8re de la Culture, de la Jeunesse, des Sports et des Relations avec le Parlement a pass\u00e9 en revue les buts et objectifs de la visite, notant qu&#8217;il s\u2019agit de pr\u00e9parer la prochaine \u00e9dition du festival des cit\u00e9es du Patrimoine afin de garantir son bon d\u00e9roulement.<\/p>\n<p>Il a soulign\u00e9 le souci du pr\u00e9sident de la R\u00e9publique d&#8217;honorer ses promesses envers les habitants de Tichit, appelant chacun \u00e0 \u0153uvrer \u00e0 ce que cet \u00e9v\u00e8nement soit une r\u00e9ussite \u00e0 tous les \u00e9gards.<\/p>\n<p>De son c\u00f4t\u00e9, le maire de Tichit, M. Hamahoullah Ould Weddou, a de nouveau appel\u00e9 \u00e0 mettre fin \u00e0 l&#8217;isolement de la ville,\u00e0 fournir de l&#8217;eau potable et \u00e0 desservir le r\u00e9seau de communication.<\/p>\n<p>Auparavant, le secr\u00e9taire g\u00e9n\u00e9ral avait visit\u00e9 les h\u00f4tels et les lieux d\u2019accueil et a exhort\u00e9 leurs responsables \u00e0 achever les travaux dans les d\u00e9lais impartis, soulignant la n\u00e9cessit\u00e9 d&#8217;une bonne pr\u00e9paration \u00e0 cet important \u00e9v\u00e8nement culturel.<\/p>\n<\/div>\n<\/div>\n<\/div>\n","protected":false},"excerpt":{"rendered":"<p>Le secr\u00e9taire g\u00e9n\u00e9ral du minist\u00e8re de la Culture, de la Jeunesse, des Sports et des Relations avec le Parlement, M. Ahmedou Ould Kht\u00e8ra, a pr\u00e9sid\u00e9, dimanche, \u00e0 l\u2019h\u00f4tel de ville de Tichit, une r\u00e9union de pr\u00e9paration de la 11\u00e8me \u00e9dition du Festival des Cit\u00e9es du Patrimoine, en pr\u00e9sence du Wali du Tagant, M. Haddadi Mbar\u00e9 [&hellip;]<\/p>\n","protected":false},"author":18,"featured_media":203828,"comment_status":"open","ping_status":"open","sticky":false,"template":"","format":"standard","meta":{"footnotes":""},"categories":[63919,63957,63923,8672],"tags":[],"class_list":["post-203825","post","type-post","status-publish","format-standard","has-post-thumbnail","hentry","category-choix-du-redacteur","category-fil-dactualite","category-slider-wilayas","category-8672"],"_links":{"self":[{"href":"https:\/\/ami.mr\/fr\/wp-json\/wp\/v2\/posts\/203825","targetHints":{"allow":["GET"]}}],"collection":[{"href":"https:\/\/ami.mr\/fr\/wp-json\/wp\/v2\/posts"}],"about":[{"href":"https:\/\/ami.mr\/fr\/wp-json\/wp\/v2\/types\/post"}],"author":[{"embeddable":true,"href":"https:\/\/ami.mr\/fr\/wp-json\/wp\/v2\/users\/18"}],"replies":[{"embeddable":true,"href":"https:\/\/ami.mr\/fr\/wp-json\/wp\/v2\/comments?post=203825"}],"version-history":[{"count":1,"href":"https:\/\/ami.mr\/fr\/wp-json\/wp\/v2\/posts\/203825\/revisions"}],"predecessor-version":[{"id":203827,"href":"https:\/\/ami.mr\/fr\/wp-json\/wp\/v2\/posts\/203825\/revisions\/203827"}],"wp:featuredmedia":[{"embeddable":true,"href":"https:\/\/ami.mr\/fr\/wp-json\/wp\/v2\/media\/203828"}],"wp:attachment":[{"href":"https:\/\/ami.mr\/fr\/wp-json\/wp\/v2\/media?parent=203825"}],"wp:term":[{"taxonomy":"category","embeddable":true,"href":"https:\/\/ami.mr\/fr\/wp-json\/wp\/v2\/categories?post=203825"},{"taxonomy":"post_tag","embeddable":true,"href":"https:\/\/ami.mr\/fr\/wp-json\/wp\/v2\/tags?post=203825"}],"curies":[{"name":"wp","href":"https:\/\/api.w.org\/{rel}","templated":true}]}}