{"id":203637,"date":"2022-08-12T20:48:22","date_gmt":"2022-08-12T20:48:22","guid":{"rendered":"https:\/\/ami.mr\/fr\/?p=203637"},"modified":"2022-08-12T20:48:22","modified_gmt":"2022-08-12T20:48:22","slug":"le-ministre-des-affaires-economiques-sentretient-avec-lambassadeur-du-japon","status":"publish","type":"post","link":"https:\/\/ami.mr\/fr\/archives\/203637","title":{"rendered":"Le ministre des Affaires \u00e9conomiques s\u2019entretient avec l\u2019ambassadeur du Japon"},"content":{"rendered":"<div class=\"row\">\n<div class=\"cell auto-size bd-gray\" dir=\"ltr\"><\/div>\n<\/div>\n<div class=\"row\">\n<div class=\"cell auto-size\">\n<div class=\"set-border bd-gray padding10 margin10 no-margin-right no-margin-left \" dir=\"ltr\">\n<p>Le ministre des Affaires \u00e9conomiques et de la Promotion des Secteurs productifs, M. Ousmane Mamoudou Kane, a re\u00e7u, vendredi \u00e0 Nouakchott, l&#8217;ambassadeur du Japon en Mauritanie, SEM. Ehera Norio.<\/p>\n<p>Les entretiens ont port\u00e9 sur les relations de coop\u00e9ration entre les deux pays amis et les moyens de les renforcer et de les d\u00e9velopper, notamment dans le domaine \u00e9conomique.<\/p>\n<p>La rencontre s&#8217;est d\u00e9roul\u00e9e en pr\u00e9sence du conseiller juridique du minist\u00e8re, M. Mohamed Salem Ould Souilem, secr\u00e9taire g\u00e9n\u00e9ral par int\u00e9rim, et de M. Mohamed Salem Ould Nani, directeur g\u00e9n\u00e9ral des finances et de la coop\u00e9ration \u00e9conomique.<\/p>\n<\/div>\n<\/div>\n<\/div>\n","protected":false},"excerpt":{"rendered":"<p>Le ministre des Affaires \u00e9conomiques et de la Promotion des Secteurs productifs, M. Ousmane Mamoudou Kane, a re\u00e7u, vendredi \u00e0 Nouakchott, l&#8217;ambassadeur du Japon en Mauritanie, SEM. Ehera Norio. Les entretiens ont port\u00e9 sur les relations de coop\u00e9ration entre les deux pays amis et les moyens de les renforcer et de les d\u00e9velopper, notamment dans [&hellip;]<\/p>\n","protected":false},"author":18,"featured_media":203638,"comment_status":"open","ping_status":"open","sticky":false,"template":"","format":"standard","meta":{"footnotes":""},"categories":[63919,9,63957,63922],"tags":[63990],"class_list":["post-203637","post","type-post","status-publish","format-standard","has-post-thumbnail","hentry","category-choix-du-redacteur","category-9","category-fil-dactualite","category-slider-economie","tag-activites-gouvernementales"],"_links":{"self":[{"href":"https:\/\/ami.mr\/fr\/wp-json\/wp\/v2\/posts\/203637","targetHints":{"allow":["GET"]}}],"collection":[{"href":"https:\/\/ami.mr\/fr\/wp-json\/wp\/v2\/posts"}],"about":[{"href":"https:\/\/ami.mr\/fr\/wp-json\/wp\/v2\/types\/post"}],"author":[{"embeddable":true,"href":"https:\/\/ami.mr\/fr\/wp-json\/wp\/v2\/users\/18"}],"replies":[{"embeddable":true,"href":"https:\/\/ami.mr\/fr\/wp-json\/wp\/v2\/comments?post=203637"}],"version-history":[{"count":1,"href":"https:\/\/ami.mr\/fr\/wp-json\/wp\/v2\/posts\/203637\/revisions"}],"predecessor-version":[{"id":203639,"href":"https:\/\/ami.mr\/fr\/wp-json\/wp\/v2\/posts\/203637\/revisions\/203639"}],"wp:featuredmedia":[{"embeddable":true,"href":"https:\/\/ami.mr\/fr\/wp-json\/wp\/v2\/media\/203638"}],"wp:attachment":[{"href":"https:\/\/ami.mr\/fr\/wp-json\/wp\/v2\/media?parent=203637"}],"wp:term":[{"taxonomy":"category","embeddable":true,"href":"https:\/\/ami.mr\/fr\/wp-json\/wp\/v2\/categories?post=203637"},{"taxonomy":"post_tag","embeddable":true,"href":"https:\/\/ami.mr\/fr\/wp-json\/wp\/v2\/tags?post=203637"}],"curies":[{"name":"wp","href":"https:\/\/api.w.org\/{rel}","templated":true}]}}