{"id":203624,"date":"2022-08-12T18:36:08","date_gmt":"2022-08-12T18:36:08","guid":{"rendered":"https:\/\/ami.mr\/fr\/?p=203624"},"modified":"2022-08-12T18:36:08","modified_gmt":"2022-08-12T18:36:08","slug":"5-nouveaux-cas-de-coronavirus-enregistres","status":"publish","type":"post","link":"https:\/\/ami.mr\/fr\/archives\/203624","title":{"rendered":"5 nouveaux cas de coronavirus enregistr\u00e9s"},"content":{"rendered":"<p>Le Minist\u00e8re de la Sant\u00e9 a annonc\u00e9 vendredi soir, l&#8217;enregistrement de 5 nouveaux cas de coronavirus au cours des derni\u00e8res 24 heures et 16 cas de gu\u00e9rison.<\/p>\n<p>Dans son bulletin quotidien sur la situation \u00e9pid\u00e9miologique, le minist\u00e8re a indiqu\u00e9 \u00eatre parvenu \u00e0 cette conclusion apr\u00e8s avoir proc\u00e9d\u00e9 \u00e0 1 059 examens sur l\u2019ensemble du territoire national, dont 982 tests rapides et 77 tests \u00e0 l\u2019ADN.<\/p>\n<p>Il a indiqu\u00e9 que les cas actifs ont atteint 246, tandis que le nombre d\u2019atteintes depuis le d\u00e9but de la pand\u00e9mie est de 62 701, et les gu\u00e9risons ont atteint le chiffre de 61 563, tandis que 992 d\u00e9c\u00e8s ont \u00e9t\u00e9 enregistr\u00e9s.<\/p>\n","protected":false},"excerpt":{"rendered":"<p>Le Minist\u00e8re de la Sant\u00e9 a annonc\u00e9 vendredi soir, l&#8217;enregistrement de 5 nouveaux cas de coronavirus au cours des derni\u00e8res 24 heures et 16 cas de gu\u00e9rison. Dans son bulletin quotidien sur la situation \u00e9pid\u00e9miologique, le minist\u00e8re a indiqu\u00e9 \u00eatre parvenu \u00e0 cette conclusion apr\u00e8s avoir proc\u00e9d\u00e9 \u00e0 1 059 examens sur l\u2019ensemble du territoire [&hellip;]<\/p>\n","protected":false},"author":18,"featured_media":203595,"comment_status":"open","ping_status":"open","sticky":false,"template":"","format":"standard","meta":{"footnotes":""},"categories":[63920,63957],"tags":[63995],"class_list":["post-203624","post","type-post","status-publish","format-standard","has-post-thumbnail","hentry","category-a-la-une","category-fil-dactualite","tag-sante"],"_links":{"self":[{"href":"https:\/\/ami.mr\/fr\/wp-json\/wp\/v2\/posts\/203624","targetHints":{"allow":["GET"]}}],"collection":[{"href":"https:\/\/ami.mr\/fr\/wp-json\/wp\/v2\/posts"}],"about":[{"href":"https:\/\/ami.mr\/fr\/wp-json\/wp\/v2\/types\/post"}],"author":[{"embeddable":true,"href":"https:\/\/ami.mr\/fr\/wp-json\/wp\/v2\/users\/18"}],"replies":[{"embeddable":true,"href":"https:\/\/ami.mr\/fr\/wp-json\/wp\/v2\/comments?post=203624"}],"version-history":[{"count":1,"href":"https:\/\/ami.mr\/fr\/wp-json\/wp\/v2\/posts\/203624\/revisions"}],"predecessor-version":[{"id":203625,"href":"https:\/\/ami.mr\/fr\/wp-json\/wp\/v2\/posts\/203624\/revisions\/203625"}],"wp:featuredmedia":[{"embeddable":true,"href":"https:\/\/ami.mr\/fr\/wp-json\/wp\/v2\/media\/203595"}],"wp:attachment":[{"href":"https:\/\/ami.mr\/fr\/wp-json\/wp\/v2\/media?parent=203624"}],"wp:term":[{"taxonomy":"category","embeddable":true,"href":"https:\/\/ami.mr\/fr\/wp-json\/wp\/v2\/categories?post=203624"},{"taxonomy":"post_tag","embeddable":true,"href":"https:\/\/ami.mr\/fr\/wp-json\/wp\/v2\/tags?post=203624"}],"curies":[{"name":"wp","href":"https:\/\/api.w.org\/{rel}","templated":true}]}}