{"id":203507,"date":"2022-08-11T10:53:41","date_gmt":"2022-08-11T10:53:41","guid":{"rendered":"https:\/\/ami.mr\/fr\/?p=203507"},"modified":"2022-08-11T10:53:41","modified_gmt":"2022-08-11T10:53:41","slug":"demarrage-des-activites-saisonnieres-de-lassociation-temkine","status":"publish","type":"post","link":"https:\/\/ami.mr\/fr\/archives\/203507","title":{"rendered":"D\u00e9marrage des activit\u00e9s saisonni\u00e8res de l&#8217;association Temkine"},"content":{"rendered":"<p>&nbsp;<\/p>\n<p>Les<img decoding=\"async\" class=\"size-medium wp-image-203508 alignleft\" src=\"https:\/\/ami.mr\/fr\/wp-content\/uploads\/2022\/08\/01-9-300x225.jpg\" alt=\"\" width=\"300\" height=\"225\" srcset=\"https:\/\/ami.mr\/fr\/wp-content\/uploads\/2022\/08\/01-9-300x225.jpg 300w, https:\/\/ami.mr\/fr\/wp-content\/uploads\/2022\/08\/01-9-86x64.jpg 86w, https:\/\/ami.mr\/fr\/wp-content\/uploads\/2022\/08\/01-9.jpg 720w\" sizes=\"(max-width: 300px) 100vw, 300px\" \/> activit\u00e9s saisonni\u00e8res de l&#8217;association Temkine pour le d\u00e9veloppement et la coh\u00e9sion sociale ont d\u00e9but\u00e9 hier mercredi \u00e0 Aleg.<\/p>\n<p>Dans son intervention, au cours de la c\u00e9r\u00e9monie organis\u00e9e pour la circonstance, le directeur de cabinet du wali du Brakna, M. Zeidane Ould Sidati a soulign\u00e9 l&#8217;important r\u00f4le jou\u00e9 par les associations culturelles et de jeunesse dans la sensibilisation des citoyens \u00e0 l&#8217;action culturelle.<\/p>\n<p>De son c\u00f4t\u00e9, le maire mou\u00e7aid de la moughataa d&#8217;Aleg, M. Mohamedou Ould Ahmed Taleb a lou\u00e9 le r\u00f4le de l&#8217;association Temkine pour le d\u00e9veloppement et la coh\u00e9sion sociale dans le domaine de la sensibilisation.<\/p>\n<p>Le pr\u00e9sident de l&#8217;association, M. Cheikh Abdellahhy Ould Aleiwa a, quant \u00e0 lui, indiqu\u00e9 que Temkine va former sur la photographie, le montage et la production.<\/p>\n<p>La c\u00e9r\u00e9monie s&#8217;est d\u00e9roul\u00e9e en pr\u00e9sence du hakem mou\u00e7aid de la moughataa d&#8217;Aleg et du directeur r\u00e9gional du minist\u00e8re de la Culture, de la Jeunesse, des Sports et des Relations avec le Parlement.<\/p>\n","protected":false},"excerpt":{"rendered":"<p>&nbsp; Les activit\u00e9s saisonni\u00e8res de l&#8217;association Temkine pour le d\u00e9veloppement et la coh\u00e9sion sociale ont d\u00e9but\u00e9 hier mercredi \u00e0 Aleg. Dans son intervention, au cours de la c\u00e9r\u00e9monie organis\u00e9e pour la circonstance, le directeur de cabinet du wali du Brakna, M. Zeidane Ould Sidati a soulign\u00e9 l&#8217;important r\u00f4le jou\u00e9 par les associations culturelles et de [&hellip;]<\/p>\n","protected":false},"author":3,"featured_media":203508,"comment_status":"open","ping_status":"open","sticky":false,"template":"","format":"standard","meta":{"footnotes":""},"categories":[63918,63957,63923,8672],"tags":[],"class_list":["post-203507","post","type-post","status-publish","format-standard","has-post-thumbnail","hentry","category-autres","category-fil-dactualite","category-slider-wilayas","category-8672"],"_links":{"self":[{"href":"https:\/\/ami.mr\/fr\/wp-json\/wp\/v2\/posts\/203507","targetHints":{"allow":["GET"]}}],"collection":[{"href":"https:\/\/ami.mr\/fr\/wp-json\/wp\/v2\/posts"}],"about":[{"href":"https:\/\/ami.mr\/fr\/wp-json\/wp\/v2\/types\/post"}],"author":[{"embeddable":true,"href":"https:\/\/ami.mr\/fr\/wp-json\/wp\/v2\/users\/3"}],"replies":[{"embeddable":true,"href":"https:\/\/ami.mr\/fr\/wp-json\/wp\/v2\/comments?post=203507"}],"version-history":[{"count":1,"href":"https:\/\/ami.mr\/fr\/wp-json\/wp\/v2\/posts\/203507\/revisions"}],"predecessor-version":[{"id":203509,"href":"https:\/\/ami.mr\/fr\/wp-json\/wp\/v2\/posts\/203507\/revisions\/203509"}],"wp:featuredmedia":[{"embeddable":true,"href":"https:\/\/ami.mr\/fr\/wp-json\/wp\/v2\/media\/203508"}],"wp:attachment":[{"href":"https:\/\/ami.mr\/fr\/wp-json\/wp\/v2\/media?parent=203507"}],"wp:term":[{"taxonomy":"category","embeddable":true,"href":"https:\/\/ami.mr\/fr\/wp-json\/wp\/v2\/categories?post=203507"},{"taxonomy":"post_tag","embeddable":true,"href":"https:\/\/ami.mr\/fr\/wp-json\/wp\/v2\/tags?post=203507"}],"curies":[{"name":"wp","href":"https:\/\/api.w.org\/{rel}","templated":true}]}}