{"id":203011,"date":"2022-08-03T22:18:41","date_gmt":"2022-08-03T22:18:41","guid":{"rendered":"https:\/\/ami.mr\/fr\/?p=203011"},"modified":"2022-08-03T22:24:17","modified_gmt":"2022-08-03T22:24:17","slug":"le-centre-de-formation-des-oulemas-cloture-son-annee-scolaire","status":"publish","type":"post","link":"https:\/\/ami.mr\/fr\/archives\/203011","title":{"rendered":"Le centre de formation des Oul\u00e9mas cl\u00f4ture son ann\u00e9e scolaire"},"content":{"rendered":"<p><img decoding=\"async\" class=\"size-medium wp-image-203013 alignleft\" src=\"https:\/\/ami.mr\/fr\/wp-content\/uploads\/2022\/08\/08-1-300x135.jpg\" alt=\"\" width=\"300\" height=\"135\" srcset=\"https:\/\/ami.mr\/fr\/wp-content\/uploads\/2022\/08\/08-1-300x135.jpg 300w, https:\/\/ami.mr\/fr\/wp-content\/uploads\/2022\/08\/08-1.jpg 640w\" sizes=\"(max-width: 300px) 100vw, 300px\" \/><\/p>\n<p>Le Centre de formation des Oul\u00e9mas a organis\u00e9, mardi \u00e0 Nouakchott, sous le th\u00e8me \u201cdeux d\u00e9cennies de leadership dans l\u2019enseignement originel&#8221;, une c\u00e9r\u00e9monie marquant la cl\u00f4ture de l\u2019ann\u00e9e scolaire 2021-2022 de l\u2019\u00e9tablissement.<\/p>\n<p>L\u2019\u00e9v\u00e9nement a \u00e9t\u00e9 marqu\u00e9 par la distribution d\u2019attestations et de prix au profit des laur\u00e9ats dans les diff\u00e9rents domaines profess\u00e9s dans l\u2019\u00e9tablissement.<\/p>\n<p>Le conseiller charg\u00e9 des affaires islamiques au minist\u00e8re des affaires islamiques et de l\u2019enseignement originel, M. Sidi Mohamed Ould Cheouav, a mis en exergue \u00e0 cette occasion, la place accord\u00e9e par la religion islamique aux \u00e9tudiants du savoir.<\/p>\n<p>Il a ajout\u00e9 que son d\u00e9partement ne m\u00e9nagera aucun effort pour apporter son soutien financier et mat\u00e9riel pour inciter les \u00e9tudiants \u00e0 l\u2019accumulation des connaissances dans le domaine de l\u2019enseignement originel.<\/p>\n<p>Le centre forme des promotions d\u2019Oul\u00e9mas enseigne depuis 17 ans, 63 mati\u00e8res des connaissances de la Charia et de ses compl\u00e9ments \u00bb, a affirm\u00e9 quant \u00e0 lui, le pr\u00e9sident du Centre de formation des Oul\u00e9mas, l\u2019Erudit Mohamed Hacen Ould Deddew.<\/p>\n<p>Selon M. Dedow, les portes du centre sont ouvertes aux \u00e9tudiants du savoir des divers Etats islamiques.<\/p>\n<p>Le directeur g\u00e9n\u00e9ral dudit Centre, M. Mohamed Mokhtar Ould Mohamed El-Mami, avait pr\u00e9sent\u00e9, auparavant, une communication introductive sur le centre et sa m\u00e9thodologie d&#8217;enseignement, inscrivant sa mission dans la formation de promotions compos\u00e9es d\u2019illustres Oul\u00e9mas, enseign\u00e9s suivant la m\u00e9thodologie centriste ax\u00e9e sur la m\u00e9morisation et la compr\u00e9hension des sciences islamiques. .<\/p>\n<p>Le repr\u00e9sentant des \u00e9tudiants, M. Ismail Ould Moussa Ould Cheikh Sidiya, a salu\u00e9, \u00e0 son tour, le r\u00f4le jou\u00e9 par ce centre dans l&#8217;enseignement des sciences originelles, tant \u00e0 travers la mahadra que l\u2019enseignement moderne.<\/p>\n","protected":false},"excerpt":{"rendered":"<p>Le Centre de formation des Oul\u00e9mas a organis\u00e9, mardi \u00e0 Nouakchott, sous le th\u00e8me \u201cdeux d\u00e9cennies de leadership dans l\u2019enseignement originel&#8221;, une c\u00e9r\u00e9monie marquant la cl\u00f4ture de l\u2019ann\u00e9e scolaire 2021-2022 de l\u2019\u00e9tablissement. L\u2019\u00e9v\u00e9nement a \u00e9t\u00e9 marqu\u00e9 par la distribution d\u2019attestations et de prix au profit des laur\u00e9ats dans les diff\u00e9rents domaines profess\u00e9s dans l\u2019\u00e9tablissement. Le [&hellip;]<\/p>\n","protected":false},"author":3,"featured_media":203013,"comment_status":"open","ping_status":"open","sticky":false,"template":"","format":"standard","meta":{"footnotes":""},"categories":[104],"tags":[],"class_list":["post-203011","post","type-post","status-publish","format-standard","has-post-thumbnail","hentry","category-104"],"_links":{"self":[{"href":"https:\/\/ami.mr\/fr\/wp-json\/wp\/v2\/posts\/203011","targetHints":{"allow":["GET"]}}],"collection":[{"href":"https:\/\/ami.mr\/fr\/wp-json\/wp\/v2\/posts"}],"about":[{"href":"https:\/\/ami.mr\/fr\/wp-json\/wp\/v2\/types\/post"}],"author":[{"embeddable":true,"href":"https:\/\/ami.mr\/fr\/wp-json\/wp\/v2\/users\/3"}],"replies":[{"embeddable":true,"href":"https:\/\/ami.mr\/fr\/wp-json\/wp\/v2\/comments?post=203011"}],"version-history":[{"count":1,"href":"https:\/\/ami.mr\/fr\/wp-json\/wp\/v2\/posts\/203011\/revisions"}],"predecessor-version":[{"id":203014,"href":"https:\/\/ami.mr\/fr\/wp-json\/wp\/v2\/posts\/203011\/revisions\/203014"}],"wp:featuredmedia":[{"embeddable":true,"href":"https:\/\/ami.mr\/fr\/wp-json\/wp\/v2\/media\/203013"}],"wp:attachment":[{"href":"https:\/\/ami.mr\/fr\/wp-json\/wp\/v2\/media?parent=203011"}],"wp:term":[{"taxonomy":"category","embeddable":true,"href":"https:\/\/ami.mr\/fr\/wp-json\/wp\/v2\/categories?post=203011"},{"taxonomy":"post_tag","embeddable":true,"href":"https:\/\/ami.mr\/fr\/wp-json\/wp\/v2\/tags?post=203011"}],"curies":[{"name":"wp","href":"https:\/\/api.w.org\/{rel}","templated":true}]}}