{"id":202980,"date":"2022-08-03T19:16:37","date_gmt":"2022-08-03T19:16:37","guid":{"rendered":"https:\/\/ami.mr\/fr\/?p=202980"},"modified":"2022-08-03T22:03:00","modified_gmt":"2022-08-03T22:03:00","slug":"africa-70-consent-un-financement-de-40-millions-mru-a-des-ongs-de-ladrar","status":"publish","type":"post","link":"https:\/\/ami.mr\/fr\/archives\/202980","title":{"rendered":"Africa 70 consent un financement de 40 millions MRO \u00e0 des ONGs de l\u2019Adrar"},"content":{"rendered":"<p><img decoding=\"async\" class=\"size-medium wp-image-202981 alignleft\" src=\"https:\/\/ami.mr\/fr\/wp-content\/uploads\/2022\/08\/009-5-300x135.jpg\" alt=\"\" width=\"300\" height=\"135\" srcset=\"https:\/\/ami.mr\/fr\/wp-content\/uploads\/2022\/08\/009-5-300x135.jpg 300w, https:\/\/ami.mr\/fr\/wp-content\/uploads\/2022\/08\/009-5.jpg 640w\" sizes=\"(max-width: 300px) 100vw, 300px\" \/><\/p>\n<p>Le wali d&#8217;Adrar, M. Diack Abderrazagh, a supervis\u00e9 ce mercredi, \u00e0 la Maison des Jeunes d\u2019 Atar, la c\u00e9r\u00e9monie de remise de 40 millions MRO, au profit des organisations de la soci\u00e9t\u00e9 civile actives dans la wilaya, constituant la deuxi\u00e8me tranche du financement accord\u00e9 par Africa 70 pour soutenir les coop\u00e9ratives f\u00e9minines et agricoles, les associations des handicap\u00e9s et les association de parents d&#8217;\u00e9l\u00e8ves de la wilaya.<\/p>\n<p>Le wali a indiqu\u00e9, dans une allocution qu\u2019il a faite \u00e0 cette occasion, que ce financement vient renforcer l\u2019action d\u2019appui aux structures de la soci\u00e9t\u00e9 civile et de soutien aux franges vuln\u00e9rable, action qui est au c\u0153ur du programme de Son Excellence le Pr\u00e9sident de la R\u00e9publique, M. Mohamed Ould Cheikh El Ghazouani, notamment en mati\u00e8re d&#8217;autonomisation des femmes, de promotion des capacit\u00e9s \u00e9conomiques locales et de soutien aux segments vuln\u00e9rables de la soci\u00e9t\u00e9.<\/p>\n<p>Il a ajout\u00e9 que la premi\u00e8re phase de ce projet pr\u00e9voyait des formations pour certains jeunes de la wilaya afin de renforcer leurs capacit\u00e9s dans les domaines de la pr\u00e9paration des rapports, la tenue des livres comptables et de certaines activit\u00e9s g\u00e9n\u00e9ratrices de revenus, soulignant que les nouveaux fonds donneront un saut qualitatif pour l\u2019atteinte de ces objectifs qui participent de l\u2019am\u00e9lioration des conditions de vie des populations.<\/p>\n<p>Il a remerci\u00e9 Africa70 et ses partenaires pour leur g\u00e9n\u00e9reux soutien en faveur des coop\u00e9ratives f\u00e9minines et des associations de jeunes de l&#8217;Adrar.<\/p>\n<p>A son tour, l&#8217;adjoint au maire de la commune d&#8217;Atar, M. Cheikh Melainine Ould Cheikh Saad Bouh, a exprim\u00e9 ses remerciements \u00e0 l&#8217;organisation pour l&#8217;appui qu&#8217;elle apporte au profit des organisations de la soci\u00e9t\u00e9 civile, faisant observer que ces fonds sont d\u2019un soutien appr\u00e9ciable pour l&#8217;activit\u00e9 \u00e9conomique dans la wilaya et favoriseront le d\u00e9veloppement des associations professionnelles et de jeunes qui b\u00e9n\u00e9ficient.<\/p>\n<p>Pour sa part, Mme Aicha Traour\u00e9, responsable d\u2019Africa 70 ans, a salu\u00e9 le r\u00f4le des autorit\u00e9s administratives dans la facilitation des transactions et des proc\u00e9dures, ajoutant que la deuxi\u00e8me phase du projet permettra d&#8217;\u00e9largir le cercle des b\u00e9n\u00e9ficiaires afin d&#8217;atteindre d\u00e9veloppement \u00e9conomique global au profit du d\u00e9veloppement des capacit\u00e9s de la population de la wilaya de l&#8217;Adrar.<\/p>\n<p>De son c\u00f4t\u00e9, le responsable du \u00ab R\u00e9seau Nord \u00bb dans la wilaya de l&#8217;Adrar, M. Mohamed Ould Mohamed El Boukhari, a exprim\u00e9 ses remerciements au projet pour l&#8217;appui qu&#8217;il a apport\u00e9 aux coop\u00e9ratives et associations de jeunes et professionnelles, soulignant que ces montants permettront de diversifier les projets de d\u00e9veloppement, de contribuer \u00e0 lutter contre le ch\u00f4mage et d\u2019am\u00e9liorer les conditions \u00e9conomiques des groupes vuln\u00e9rables de la soci\u00e9t\u00e9.<\/p>\n<p>La c\u00e9r\u00e9monie de remise des financements s&#8217;est d\u00e9roul\u00e9e en pr\u00e9sence du hakem d&#8217;Atar, M. Mohamed Ahmed Ould Cheikhna, et de plusieurs autres responsables r\u00e9gionaux.<\/p>\n","protected":false},"excerpt":{"rendered":"<p>Le wali d&#8217;Adrar, M. Diack Abderrazagh, a supervis\u00e9 ce mercredi, \u00e0 la Maison des Jeunes d\u2019 Atar, la c\u00e9r\u00e9monie de remise de 40 millions MRO, au profit des organisations de la soci\u00e9t\u00e9 civile actives dans la wilaya, constituant la deuxi\u00e8me tranche du financement accord\u00e9 par Africa 70 pour soutenir les coop\u00e9ratives f\u00e9minines et agricoles, les [&hellip;]<\/p>\n","protected":false},"author":3,"featured_media":202981,"comment_status":"open","ping_status":"open","sticky":false,"template":"","format":"standard","meta":{"footnotes":""},"categories":[63920,63919,8672],"tags":[],"class_list":["post-202980","post","type-post","status-publish","format-standard","has-post-thumbnail","hentry","category-a-la-une","category-choix-du-redacteur","category-8672"],"_links":{"self":[{"href":"https:\/\/ami.mr\/fr\/wp-json\/wp\/v2\/posts\/202980","targetHints":{"allow":["GET"]}}],"collection":[{"href":"https:\/\/ami.mr\/fr\/wp-json\/wp\/v2\/posts"}],"about":[{"href":"https:\/\/ami.mr\/fr\/wp-json\/wp\/v2\/types\/post"}],"author":[{"embeddable":true,"href":"https:\/\/ami.mr\/fr\/wp-json\/wp\/v2\/users\/3"}],"replies":[{"embeddable":true,"href":"https:\/\/ami.mr\/fr\/wp-json\/wp\/v2\/comments?post=202980"}],"version-history":[{"count":2,"href":"https:\/\/ami.mr\/fr\/wp-json\/wp\/v2\/posts\/202980\/revisions"}],"predecessor-version":[{"id":203010,"href":"https:\/\/ami.mr\/fr\/wp-json\/wp\/v2\/posts\/202980\/revisions\/203010"}],"wp:featuredmedia":[{"embeddable":true,"href":"https:\/\/ami.mr\/fr\/wp-json\/wp\/v2\/media\/202981"}],"wp:attachment":[{"href":"https:\/\/ami.mr\/fr\/wp-json\/wp\/v2\/media?parent=202980"}],"wp:term":[{"taxonomy":"category","embeddable":true,"href":"https:\/\/ami.mr\/fr\/wp-json\/wp\/v2\/categories?post=202980"},{"taxonomy":"post_tag","embeddable":true,"href":"https:\/\/ami.mr\/fr\/wp-json\/wp\/v2\/tags?post=202980"}],"curies":[{"name":"wp","href":"https:\/\/api.w.org\/{rel}","templated":true}]}}